{"id":12003,"date":"2026-01-18T00:00:00","date_gmt":"2026-01-18T00:00:00","guid":{"rendered":"https:\/\/om-away.com\/yoga-retreats-spain-april\/"},"modified":"2026-03-29T17:14:11","modified_gmt":"2026-03-29T17:14:11","slug":"yoga-retreats-spain-april","status":"publish","type":"post","link":"https:\/\/om-away.com\/de\/yoga-retreats-spain-april\/","title":{"rendered":"Yoga Retreats in Spain in April 2026"},"content":{"rendered":"\t\t<div data-elementor-type=\"wp-post\" data-elementor-id=\"12003\" class=\"elementor elementor-12003\" data-elementor-post-type=\"post\">\n\t\t\t\t<div class=\"elementor-element elementor-element-75407ba4 e-flex e-con-boxed e-con e-parent\" data-id=\"75407ba4\" data-element_type=\"container\" data-e-type=\"container\">\n\t\t\t\t\t<div class=\"e-con-inner\">\n\t\t<div class=\"elementor-element elementor-element-2055d415 e-con-full e-flex e-con e-child\" data-id=\"2055d415\" data-element_type=\"container\" data-e-type=\"container\">\n\t\t<div class=\"elementor-element elementor-element-4ac22d00 e-con-full e-flex e-con e-child\" data-id=\"4ac22d00\" data-element_type=\"container\" data-e-type=\"container\">\n\t\t\t\t<div class=\"elementor-element elementor-element-6aea0ddb elementor-widget elementor-widget-image\" data-id=\"6aea0ddb\" data-element_type=\"widget\" data-e-type=\"widget\" data-widget_type=\"image.default\">\n\t\t\t\t\t\t\t\t\t\t\t\t\t\t\t<img fetchpriority=\"high\" decoding=\"async\" width=\"1558\" height=\"2560\" src=\"https:\/\/om-away.com\/wp-content\/uploads\/2026\/01\/gaana-srinivas-ZbTYDS-42ak-unsplash-scaled.jpg\" class=\"attachment-full size-full wp-image-22105\" alt=\"Orange trees in bloom in Seville, Spain, in front of sunlit Spanish architecture during spring.\" srcset=\"https:\/\/om-away.com\/wp-content\/uploads\/2026\/01\/gaana-srinivas-ZbTYDS-42ak-unsplash-scaled.jpg 1558w, https:\/\/om-away.com\/wp-content\/uploads\/2026\/01\/gaana-srinivas-ZbTYDS-42ak-unsplash-183x300.jpg 183w, https:\/\/om-away.com\/wp-content\/uploads\/2026\/01\/gaana-srinivas-ZbTYDS-42ak-unsplash-623x1024.jpg 623w, https:\/\/om-away.com\/wp-content\/uploads\/2026\/01\/gaana-srinivas-ZbTYDS-42ak-unsplash-768x1262.jpg 768w, https:\/\/om-away.com\/wp-content\/uploads\/2026\/01\/gaana-srinivas-ZbTYDS-42ak-unsplash-935x1536.jpg 935w, https:\/\/om-away.com\/wp-content\/uploads\/2026\/01\/gaana-srinivas-ZbTYDS-42ak-unsplash-1247x2048.jpg 1247w, https:\/\/om-away.com\/wp-content\/uploads\/2026\/01\/gaana-srinivas-ZbTYDS-42ak-unsplash-7x12.jpg 7w\" sizes=\"(max-width: 1558px) 100vw, 1558px\" \/>\t\t\t\t\t\t\t\t\t\t\t\t\t\t\t<\/div>\n\t\t\t\t<\/div>\n\t\t<div class=\"elementor-element elementor-element-6db2c4ac e-con-full e-flex e-con e-child\" data-id=\"6db2c4ac\" data-element_type=\"container\" data-e-type=\"container\">\n\t\t<div class=\"elementor-element elementor-element-704e4248 e-con-full e-flex e-con e-child\" data-id=\"704e4248\" data-element_type=\"container\" data-e-type=\"container\">\n\t\t\t\t<div class=\"elementor-element elementor-element-5857fcf elementor-widget elementor-widget-heading\" data-id=\"5857fcf\" data-element_type=\"widget\" data-e-type=\"widget\" data-widget_type=\"heading.default\">\n\t\t\t\t\t<h2 class=\"elementor-heading-title elementor-size-default\"><a href=\"https:\/\/om-away.com\/de\/category\/spain\/\" rel=\"tag\">Spain<\/a><\/h2>\t\t\t\t<\/div>\n\t\t\t\t<div class=\"elementor-element elementor-element-1c1f3df elementor-widget elementor-widget-heading\" data-id=\"1c1f3df\" data-element_type=\"widget\" data-e-type=\"widget\" data-widget_type=\"heading.default\">\n\t\t\t\t\t<h2 class=\"elementor-heading-title elementor-size-default\">Yoga Retreats in Spain in April 2027<\/h2>\t\t\t\t<\/div>\n\t\t\t\t<div class=\"elementor-element elementor-element-b8d15f9 elementor-widget elementor-widget-text-editor\" data-id=\"b8d15f9\" data-element_type=\"widget\" data-e-type=\"widget\" data-widget_type=\"text-editor.default\">\n\t\t\t\t\t\t\t\t\t<p>April is when Spain starts to feel effortlessly retreat-friendly: spring warmth settles in, wildflowers peak across much of the countryside, and long daylight hours make outdoor practice, coastal walks, and slower seasonal travel feel easy without the pressure of summer heat. It is one of the strongest months for travelers who want near-ideal conditions with better value than peak season, especially if they are drawn to Andalusia, the Mediterranean coast, or culturally rich spring events like Semana Santa and Feria de Abril.<\/p>\t\t\t\t\t\t\t\t<\/div>\n\t\t\t\t<\/div>\n\t\t<div class=\"elementor-element elementor-element-2799a92d e-con-full e-flex e-con e-child\" data-id=\"2799a92d\" data-element_type=\"container\" data-e-type=\"container\" data-settings=\"{&quot;background_background&quot;:&quot;classic&quot;}\">\n\t\t<div class=\"elementor-element elementor-element-df28862 e-con-full e-flex e-con e-child\" data-id=\"df28862\" data-element_type=\"container\" data-e-type=\"container\">\n\t\t\t\t<div class=\"elementor-element elementor-element-23245d8c elementor-widget elementor-widget-text-editor\" data-id=\"23245d8c\" data-element_type=\"widget\" data-e-type=\"widget\" data-widget_type=\"text-editor.default\">\n\t\t\t\t\t\t\t\t\t<p>AUTHOR<\/p>\t\t\t\t\t\t\t\t<\/div>\n\t\t\t\t<div class=\"elementor-element elementor-element-43dec435 elementor-widget elementor-widget-text-editor\" data-id=\"43dec435\" data-element_type=\"widget\" data-e-type=\"widget\" data-widget_type=\"text-editor.default\">\n\t\t\t\t\t\t\t\t\t<p>Om Away<\/p>\t\t\t\t\t\t\t\t<\/div>\n\t\t\t\t<\/div>\n\t\t<div class=\"elementor-element elementor-element-12e58bf6 e-con-full e-flex e-con e-child\" data-id=\"12e58bf6\" data-element_type=\"container\" data-e-type=\"container\">\n\t\t\t\t<div class=\"elementor-element elementor-element-209f20e4 elementor-widget elementor-widget-text-editor\" data-id=\"209f20e4\" data-element_type=\"widget\" data-e-type=\"widget\" data-widget_type=\"text-editor.default\">\n\t\t\t\t\t\t\t\t\t<p>DATE PUBLISHED<\/p>\t\t\t\t\t\t\t\t<\/div>\n\t\t\t\t<div class=\"elementor-element elementor-element-31b6d07b elementor-widget elementor-widget-text-editor\" data-id=\"31b6d07b\" data-element_type=\"widget\" data-e-type=\"widget\" data-widget_type=\"text-editor.default\">\n\t\t\t\t\t\t\t\t\tJanuar 18, 2026\t\t\t\t\t\t\t\t<\/div>\n\t\t\t\t<\/div>\n\t\t<div class=\"elementor-element elementor-element-74a227e6 e-con-full e-flex e-con e-child\" data-id=\"74a227e6\" data-element_type=\"container\" data-e-type=\"container\">\n\t\t\t\t<div class=\"elementor-element elementor-element-11614e21 elementor-widget elementor-widget-text-editor\" data-id=\"11614e21\" data-element_type=\"widget\" data-e-type=\"widget\" data-widget_type=\"text-editor.default\">\n\t\t\t\t\t\t\t\t\t<p>CATEGORY<\/p>\t\t\t\t\t\t\t\t<\/div>\n\t\t\t\t<div class=\"elementor-element elementor-element-423a5407 elementor-widget elementor-widget-text-editor\" data-id=\"423a5407\" data-element_type=\"widget\" data-e-type=\"widget\" data-widget_type=\"text-editor.default\">\n\t\t\t\t\t\t\t\t\t<a href=\"https:\/\/om-away.com\/de\/category\/spain\/\" rel=\"tag\">Spain<\/a>\t\t\t\t\t\t\t\t<\/div>\n\t\t\t\t<\/div>\n\t\t\t\t<\/div>\n\t\t<div class=\"elementor-element elementor-element-65cfe8ac e-con-full e-flex e-con e-child\" data-id=\"65cfe8ac\" data-element_type=\"container\" data-e-type=\"container\">\n\t\t\t\t<div class=\"elementor-element elementor-element-25a30559 elementor-widget elementor-widget-heading\" data-id=\"25a30559\" data-element_type=\"widget\" data-e-type=\"widget\" data-widget_type=\"heading.default\">\n\t\t\t\t\t<h2 class=\"elementor-heading-title elementor-size-default\">Share This Article<\/h2>\t\t\t\t<\/div>\n\t\t\t\t<div class=\"elementor-element elementor-element-67f86e06 elementor-widget elementor-widget-html\" data-id=\"67f86e06\" data-element_type=\"widget\" data-e-type=\"widget\" data-widget_type=\"html.default\">\n\t\t\t\t\t<!-- Social Share Buttons -->\n<div class=\"custom-social-share\">\n  <a href=\"#\" class=\"share-btn\" data-platform=\"facebook\" aria-label=\"Share on Facebook\">\n    <img decoding=\"async\" src=\"https:\/\/om-away.com\/wp-content\/uploads\/2026\/02\/Group-90.svg\" alt=\"Facebook\">\n  <\/a>\n\n  <a href=\"#\" class=\"share-btn\" data-platform=\"twitter\" aria-label=\"Share on Twitter\">\n    <img decoding=\"async\" src=\"https:\/\/om-away.com\/wp-content\/uploads\/2026\/02\/Group-92.svg\" alt=\"Twitter\">\n  <\/a>\n\n  <a href=\"#\" class=\"share-btn\" data-platform=\"email\" aria-label=\"Share via Email\">\n    <img decoding=\"async\" src=\"https:\/\/om-away.com\/wp-content\/uploads\/2026\/02\/Group-94.svg\" alt=\"Email\">\n  <\/a>\n\n  <button class=\"share-btn copy-link\" aria-label=\"Copy link\">\n    <img decoding=\"async\" src=\"https:\/\/om-away.com\/wp-content\/uploads\/2026\/02\/twitter-154-svgrepo-com-4.svg\" alt=\"Copy Link\">\n  <\/button>\n<\/div>\n\n<style>\n.custom-social-share {\n  display: flex;\n  gap: 0px;\n  align-items: center;\n}\n\n.custom-social-share .share-btn {\n  width: 44px;\n  height: 44px;\n  border-radius: 50%;\n  background: transparent;\n  display: flex;\n  align-items: center;\n  justify-content: center;\n  cursor: pointer;\n  border: none;\n  padding: 0;\n  transition: transform 0.2s ease;\n}\n\n.custom-social-share .share-btn img {\n  width: 35px;\n  height: 35px;\n  object-fit: contain;\n}\n\n\/* Subtle upward hover animation only *\/\n.custom-social-share .share-btn:hover {\n  transform: translateY(-3px);\n}\n<\/style>\n\n<script>\n(function () {\n  const currentUrl = encodeURIComponent(window.location.href);\n  const pageTitle = encodeURIComponent(document.title);\n\n  document.querySelectorAll('.share-btn[data-platform]').forEach(btn => {\n    btn.addEventListener('click', function (e) {\n      e.preventDefault();\n      let shareUrl = '';\n\n      switch (this.dataset.platform) {\n        case 'facebook':\n          shareUrl = `https:\/\/www.facebook.com\/sharer\/sharer.php?u=${currentUrl}`;\n          break;\n        case 'twitter':\n          shareUrl = `https:\/\/twitter.com\/intent\/tweet?url=${currentUrl}&text=${pageTitle}`;\n          break;\n        case 'email':\n          shareUrl = `mailto:?subject=${pageTitle}&body=${currentUrl}`;\n          break;\n      }\n\n      window.open(shareUrl, '_blank', 'width=600,height=500');\n    });\n  });\n\n  document.querySelector('.copy-link').addEventListener('click', function () {\n    navigator.clipboard.writeText(window.location.href).then(() => {\n      this.title = 'Copied!';\n      setTimeout(() => {\n        this.title = '';\n      }, 1500);\n    });\n  });\n})();\n<\/script>\n\t\t\t\t<\/div>\n\t\t\t\t<\/div>\n\t\t\t\t<\/div>\n\t\t\t\t<\/div>\n\t\t\t\t\t<\/div>\n\t\t\t\t<\/div>\n\t\t<div class=\"elementor-element elementor-element-e0f54f3 e-flex e-con-boxed e-con e-parent\" data-id=\"e0f54f3\" data-element_type=\"container\" data-e-type=\"container\">\n\t\t\t\t\t<div class=\"e-con-inner\">\n\t\t<div class=\"elementor-element elementor-element-67fded00 e-con-full e-flex e-con e-child\" data-id=\"67fded00\" data-element_type=\"container\" data-e-type=\"container\">\n\t\t\t\t<div class=\"elementor-element elementor-element-12e8a662 elementor-widget elementor-widget-heading\" data-id=\"12e8a662\" data-element_type=\"widget\" data-e-type=\"widget\" data-widget_type=\"heading.default\">\n\t\t\t\t\t<h2 class=\"elementor-heading-title elementor-size-default\">Yoga Retreats in Spain in April 2027\n<\/h2>\t\t\t\t<\/div>\n\t\t\t\t<div class=\"elementor-element elementor-element-5515aea4 elementor-widget elementor-widget-text-editor\" data-id=\"5515aea4\" data-element_type=\"widget\" data-e-type=\"widget\" data-widget_type=\"text-editor.default\">\n\t\t\t\t\t\t\t\t\t<p>April in Spain marks the genuine transition from winter to spring\u2014a month when mainland temperatures climb into comfortable ranges while the Canary Islands maintain their reliable subtropical consistency. <strong>This is when Spain\u2019s full geographic diversity becomes accessible<\/strong>, with nearly every region offering viable wellness retreat conditions, though you\u2019ll still encounter variable weather and spring\u2019s occasional mood swings.<\/p><p>The mainland awakens during April. Almond and cherry blossoms carpet Andalusia and the Mediterranean coast, wildflowers emerge across rural landscapes, and Spanish outdoor life resumes in earnest. <strong>Temperatures reach that Goldilocks zone<\/strong>\u2014warm enough for comfortable outdoor yoga most days, cool enough to avoid summer\u2019s exhausting heat. The month feels optimistic rather than transitional, with lengthening days and warming trends creating natural energy for renewal-focused wellness programs.<\/p>\t\t\t\t\t\t\t\t<\/div>\n\t\t\t\t<\/div>\n\t\t\t\t\t<\/div>\n\t\t\t\t<\/div>\n\t\t<div class=\"elementor-element elementor-element-7ec615d2 e-con-full e-flex e-con e-child\" data-id=\"7ec615d2\" data-element_type=\"container\" data-e-type=\"container\">\n\t\t\t\t<div class=\"elementor-element elementor-element-31d895e1 elementor-grid-2 elementor-grid-tablet-2 elementor-grid-mobile-1 elementor-widget elementor-widget-loop-grid\" data-id=\"31d895e1\" data-element_type=\"widget\" data-e-type=\"widget\" data-settings=\"{&quot;template_id&quot;:16929,&quot;columns&quot;:2,&quot;row_gap&quot;:{&quot;unit&quot;:&quot;px&quot;,&quot;size&quot;:10,&quot;sizes&quot;:[]},&quot;_skin&quot;:&quot;post&quot;,&quot;columns_tablet&quot;:&quot;2&quot;,&quot;columns_mobile&quot;:&quot;1&quot;,&quot;edit_handle_selector&quot;:&quot;[data-elementor-type=\\&quot;loop-item\\&quot;]&quot;,&quot;row_gap_tablet&quot;:{&quot;unit&quot;:&quot;px&quot;,&quot;size&quot;:&quot;&quot;,&quot;sizes&quot;:[]},&quot;row_gap_mobile&quot;:{&quot;unit&quot;:&quot;px&quot;,&quot;size&quot;:&quot;&quot;,&quot;sizes&quot;:[]}}\" data-widget_type=\"loop-grid.post\">\n\t\t\t\t<div class=\"elementor-widget-container\">\n\t\t\t\t\t\t\t<div class=\"elementor-loop-container elementor-grid\" role=\"list\">\n\t\t<style id=\"loop-16929\">.elementor-16929 .elementor-element.elementor-element-5411d48{--display:flex;--flex-direction:column;--container-widget-width:100%;--container-widget-height:initial;--container-widget-flex-grow:0;--container-widget-align-self:initial;--flex-wrap-mobile:wrap;--justify-content:space-between;--gap:10px 10px;--row-gap:10px;--column-gap:10px;--padding-top:10px;--padding-bottom:10px;--padding-left:10px;--padding-right:10px;}.elementor-16929 .elementor-element.elementor-element-3ac80d3{--display:flex;--justify-content:flex-start;--padding-top:0px;--padding-bottom:0px;--padding-left:0px;--padding-right:0px;}.elementor-widget-theme-post-featured-image .widget-image-caption{color:var( --e-global-color-text );font-family:var( --e-global-typography-text-font-family ), Sans-serif;font-weight:var( --e-global-typography-text-font-weight );}.elementor-16929 .elementor-element.elementor-element-cce7c22 img{width:100%;max-width:100%;height:640px;object-fit:cover;object-position:center center;}.elementor-widget-heading .elementor-heading-title{font-family:var( --e-global-typography-primary-font-family ), Sans-serif;font-weight:var( --e-global-typography-primary-font-weight );color:var( --e-global-color-primary );}.elementor-16929 .elementor-element.elementor-element-8175c0e .elementor-heading-title{font-family:\"Cardo\", Sans-serif;font-size:24px;font-weight:500;line-height:1.3em;color:#9C8264;}.elementor-16929 .elementor-element.elementor-element-745eea6{--display:flex;--padding-top:0px;--padding-bottom:0px;--padding-left:0px;--padding-right:0px;}.elementor-widget-button .elementor-button{font-family:var( --e-global-typography-accent-font-family ), Sans-serif;font-weight:var( --e-global-typography-accent-font-weight );background-color:var( --e-global-color-accent );}.elementor-16929 .elementor-element.elementor-element-2e29b40 .elementor-button{font-family:\"Cardo\", Sans-serif;font-weight:500;fill:#FFFFFF;color:#FFFFFF;background-color:#9C8264;transition-duration:0.3s;border-style:solid;border-width:2px 2px 2px 2px;border-color:#9C8264;border-radius:0px 0px 0px 0px;padding:14px 20px 14px 20px;}.elementor-16929 .elementor-element.elementor-element-2e29b40 .elementor-button:hover, .elementor-16929 .elementor-element.elementor-element-2e29b40 .elementor-button:focus{color:#9C8264;background-color:#02010100;border-color:#9C8264;}.elementor-16929 .elementor-element.elementor-element-2e29b40 .elementor-button:hover svg, .elementor-16929 .elementor-element.elementor-element-2e29b40 .elementor-button:focus svg{fill:#9C8264;}@media(max-width:1024px){.elementor-16929 .elementor-element.elementor-element-cce7c22 img{height:400px;}.elementor-16929 .elementor-element.elementor-element-745eea6{--padding-top:10px;--padding-bottom:0px;--padding-left:0px;--padding-right:0px;}}@media(max-width:767px){.elementor-16929 .elementor-element.elementor-element-5411d48{--justify-content:flex-start;}.elementor-16929 .elementor-element.elementor-element-745eea6{--justify-content:flex-start;}}<\/style>\t\t<div data-elementor-type=\"loop-item\" data-elementor-id=\"16929\" class=\"elementor elementor-16929 e-loop-item e-loop-item-12353 post-12353 retreat type-retreat status-publish has-post-thumbnail hentry location-spain\" data-elementor-post-type=\"elementor_library\" data-custom-edit-handle=\"1\">\n\t\t\t<div class=\"elementor-element elementor-element-5411d48 e-flex e-con-boxed e-con e-parent\" data-id=\"5411d48\" data-element_type=\"container\" data-e-type=\"container\">\n\t\t\t\t\t<div class=\"e-con-inner\">\n\t\t<div class=\"elementor-element elementor-element-3ac80d3 e-con-full e-flex e-con e-child\" data-id=\"3ac80d3\" data-element_type=\"container\" data-e-type=\"container\">\n\t\t\t\t<div class=\"elementor-element elementor-element-cce7c22 elementor-widget elementor-widget-theme-post-featured-image elementor-widget-image\" data-id=\"cce7c22\" data-element_type=\"widget\" data-e-type=\"widget\" data-widget_type=\"theme-post-featured-image.default\">\n\t\t\t\t\t\t\t\t\t\t\t\t\t\t\t<img decoding=\"async\" width=\"653\" height=\"490\" src=\"https:\/\/om-away.com\/wp-content\/uploads\/2026\/01\/8-day-private-individual-yoga-holiday-in-ibiza-spain-5.webp\" class=\"attachment-full size-full wp-image-17762\" alt=\"\" srcset=\"https:\/\/om-away.com\/wp-content\/uploads\/2026\/01\/8-day-private-individual-yoga-holiday-in-ibiza-spain-5.webp 653w, https:\/\/om-away.com\/wp-content\/uploads\/2026\/01\/8-day-private-individual-yoga-holiday-in-ibiza-spain-5-300x225.webp 300w, https:\/\/om-away.com\/wp-content\/uploads\/2026\/01\/8-day-private-individual-yoga-holiday-in-ibiza-spain-5-16x12.webp 16w\" sizes=\"(max-width: 653px) 100vw, 653px\" \/>\t\t\t\t\t\t\t\t\t\t\t\t\t\t\t<\/div>\n\t\t\t\t<div class=\"elementor-element elementor-element-8175c0e elementor-widget elementor-widget-heading\" data-id=\"8175c0e\" data-element_type=\"widget\" data-e-type=\"widget\" data-widget_type=\"heading.default\">\n\t\t\t\t\t<h2 class=\"elementor-heading-title elementor-size-default\">8 Day Private Individual Yoga Holiday in Ibiza, Spain<\/h2>\t\t\t\t<\/div>\n\t\t\t\t<\/div>\n\t\t<div class=\"elementor-element elementor-element-745eea6 e-con-full e-flex e-con e-child\" data-id=\"745eea6\" data-element_type=\"container\" data-e-type=\"container\">\n\t\t\t\t<div class=\"elementor-element elementor-element-2e29b40 elementor-widget elementor-widget-button\" data-id=\"2e29b40\" data-element_type=\"widget\" data-e-type=\"widget\" data-widget_type=\"button.default\">\n\t\t\t\t\t\t\t\t\t\t<a class=\"elementor-button elementor-button-link elementor-size-sm\" href=\"https:\/\/om-away.com\/de\/retreat\/8-day-private-individual-yoga-holiday-in-ibiza-spain\/\">\n\t\t\t\t\t\t<span class=\"elementor-button-content-wrapper\">\n\t\t\t\t\t\t\t\t\t<span class=\"elementor-button-text\">Learn More<\/span>\n\t\t\t\t\t<\/span>\n\t\t\t\t\t<\/a>\n\t\t\t\t\t\t\t\t<\/div>\n\t\t\t\t<\/div>\n\t\t\t\t\t<\/div>\n\t\t\t\t<\/div>\n\t\t\t\t<\/div>\n\t\t\t\t<div data-elementor-type=\"loop-item\" data-elementor-id=\"16929\" class=\"elementor elementor-16929 e-loop-item e-loop-item-12354 post-12354 retreat type-retreat status-publish has-post-thumbnail hentry location-spain\" data-elementor-post-type=\"elementor_library\" data-custom-edit-handle=\"1\">\n\t\t\t<div class=\"elementor-element elementor-element-5411d48 e-flex e-con-boxed e-con e-parent\" data-id=\"5411d48\" data-element_type=\"container\" data-e-type=\"container\">\n\t\t\t\t\t<div class=\"e-con-inner\">\n\t\t<div class=\"elementor-element elementor-element-3ac80d3 e-con-full e-flex e-con e-child\" data-id=\"3ac80d3\" data-element_type=\"container\" data-e-type=\"container\">\n\t\t\t\t<div class=\"elementor-element elementor-element-cce7c22 elementor-widget elementor-widget-theme-post-featured-image elementor-widget-image\" data-id=\"cce7c22\" data-element_type=\"widget\" data-e-type=\"widget\" data-widget_type=\"theme-post-featured-image.default\">\n\t\t\t\t\t\t\t\t\t\t\t\t\t\t\t<img decoding=\"async\" width=\"653\" height=\"490\" src=\"https:\/\/om-away.com\/wp-content\/uploads\/2026\/01\/5-day-private-reconnect-couples-retreat-in-benalmadena-province-of-malaga-spain-9.webp\" class=\"attachment-full size-full wp-image-17793\" alt=\"\" srcset=\"https:\/\/om-away.com\/wp-content\/uploads\/2026\/01\/5-day-private-reconnect-couples-retreat-in-benalmadena-province-of-malaga-spain-9.webp 653w, https:\/\/om-away.com\/wp-content\/uploads\/2026\/01\/5-day-private-reconnect-couples-retreat-in-benalmadena-province-of-malaga-spain-9-300x225.webp 300w, https:\/\/om-away.com\/wp-content\/uploads\/2026\/01\/5-day-private-reconnect-couples-retreat-in-benalmadena-province-of-malaga-spain-9-16x12.webp 16w\" sizes=\"(max-width: 653px) 100vw, 653px\" \/>\t\t\t\t\t\t\t\t\t\t\t\t\t\t\t<\/div>\n\t\t\t\t<div class=\"elementor-element elementor-element-8175c0e elementor-widget elementor-widget-heading\" data-id=\"8175c0e\" data-element_type=\"widget\" data-e-type=\"widget\" data-widget_type=\"heading.default\">\n\t\t\t\t\t<h2 class=\"elementor-heading-title elementor-size-default\">5 Day Private Reconnect Couples Retreat in Benalm\u00e1dena, Province of M\u00e1laga, Spain<\/h2>\t\t\t\t<\/div>\n\t\t\t\t<\/div>\n\t\t<div class=\"elementor-element elementor-element-745eea6 e-con-full e-flex e-con e-child\" data-id=\"745eea6\" data-element_type=\"container\" data-e-type=\"container\">\n\t\t\t\t<div class=\"elementor-element elementor-element-2e29b40 elementor-widget elementor-widget-button\" data-id=\"2e29b40\" data-element_type=\"widget\" data-e-type=\"widget\" data-widget_type=\"button.default\">\n\t\t\t\t\t\t\t\t\t\t<a class=\"elementor-button elementor-button-link elementor-size-sm\" href=\"https:\/\/om-away.com\/de\/retreat\/5-day-private-reconnect-couples-retreat-in-benalmadena-province-of-malaga-spain\/\">\n\t\t\t\t\t\t<span class=\"elementor-button-content-wrapper\">\n\t\t\t\t\t\t\t\t\t<span class=\"elementor-button-text\">Learn More<\/span>\n\t\t\t\t\t<\/span>\n\t\t\t\t\t<\/a>\n\t\t\t\t\t\t\t\t<\/div>\n\t\t\t\t<\/div>\n\t\t\t\t\t<\/div>\n\t\t\t\t<\/div>\n\t\t\t\t<\/div>\n\t\t\t\t<div data-elementor-type=\"loop-item\" data-elementor-id=\"16929\" class=\"elementor elementor-16929 e-loop-item e-loop-item-12355 post-12355 retreat type-retreat status-publish has-post-thumbnail hentry location-spain\" data-elementor-post-type=\"elementor_library\" data-custom-edit-handle=\"1\">\n\t\t\t<div class=\"elementor-element elementor-element-5411d48 e-flex e-con-boxed e-con e-parent\" data-id=\"5411d48\" data-element_type=\"container\" data-e-type=\"container\">\n\t\t\t\t\t<div class=\"e-con-inner\">\n\t\t<div class=\"elementor-element elementor-element-3ac80d3 e-con-full e-flex e-con e-child\" data-id=\"3ac80d3\" data-element_type=\"container\" data-e-type=\"container\">\n\t\t\t\t<div class=\"elementor-element elementor-element-cce7c22 elementor-widget elementor-widget-theme-post-featured-image elementor-widget-image\" data-id=\"cce7c22\" data-element_type=\"widget\" data-e-type=\"widget\" data-widget_type=\"theme-post-featured-image.default\">\n\t\t\t\t\t\t\t\t\t\t\t\t\t\t\t<img loading=\"lazy\" decoding=\"async\" width=\"653\" height=\"490\" src=\"https:\/\/om-away.com\/wp-content\/uploads\/2026\/01\/8-day-yoga-and-hiking-in-the-heart-of-tramuntana-spain-1.webp\" class=\"attachment-full size-full wp-image-17837\" alt=\"\" srcset=\"https:\/\/om-away.com\/wp-content\/uploads\/2026\/01\/8-day-yoga-and-hiking-in-the-heart-of-tramuntana-spain-1.webp 653w, https:\/\/om-away.com\/wp-content\/uploads\/2026\/01\/8-day-yoga-and-hiking-in-the-heart-of-tramuntana-spain-1-300x225.webp 300w, https:\/\/om-away.com\/wp-content\/uploads\/2026\/01\/8-day-yoga-and-hiking-in-the-heart-of-tramuntana-spain-1-16x12.webp 16w\" sizes=\"(max-width: 653px) 100vw, 653px\" \/>\t\t\t\t\t\t\t\t\t\t\t\t\t\t\t<\/div>\n\t\t\t\t<div class=\"elementor-element elementor-element-8175c0e elementor-widget elementor-widget-heading\" data-id=\"8175c0e\" data-element_type=\"widget\" data-e-type=\"widget\" data-widget_type=\"heading.default\">\n\t\t\t\t\t<h2 class=\"elementor-heading-title elementor-size-default\">8 Day Yoga and Hiking in the Heart of Tramuntana, Spain<\/h2>\t\t\t\t<\/div>\n\t\t\t\t<\/div>\n\t\t<div class=\"elementor-element elementor-element-745eea6 e-con-full e-flex e-con e-child\" data-id=\"745eea6\" data-element_type=\"container\" data-e-type=\"container\">\n\t\t\t\t<div class=\"elementor-element elementor-element-2e29b40 elementor-widget elementor-widget-button\" data-id=\"2e29b40\" data-element_type=\"widget\" data-e-type=\"widget\" data-widget_type=\"button.default\">\n\t\t\t\t\t\t\t\t\t\t<a class=\"elementor-button elementor-button-link elementor-size-sm\" href=\"https:\/\/om-away.com\/de\/retreat\/8-day-yoga-and-hiking-in-the-heart-of-tramuntana-spain\/\">\n\t\t\t\t\t\t<span class=\"elementor-button-content-wrapper\">\n\t\t\t\t\t\t\t\t\t<span class=\"elementor-button-text\">Learn More<\/span>\n\t\t\t\t\t<\/span>\n\t\t\t\t\t<\/a>\n\t\t\t\t\t\t\t\t<\/div>\n\t\t\t\t<\/div>\n\t\t\t\t\t<\/div>\n\t\t\t\t<\/div>\n\t\t\t\t<\/div>\n\t\t\t\t<div data-elementor-type=\"loop-item\" data-elementor-id=\"16929\" class=\"elementor elementor-16929 e-loop-item e-loop-item-12356 post-12356 retreat type-retreat status-publish has-post-thumbnail hentry location-spain\" data-elementor-post-type=\"elementor_library\" data-custom-edit-handle=\"1\">\n\t\t\t<div class=\"elementor-element elementor-element-5411d48 e-flex e-con-boxed e-con e-parent\" data-id=\"5411d48\" data-element_type=\"container\" data-e-type=\"container\">\n\t\t\t\t\t<div class=\"e-con-inner\">\n\t\t<div class=\"elementor-element elementor-element-3ac80d3 e-con-full e-flex e-con e-child\" data-id=\"3ac80d3\" data-element_type=\"container\" data-e-type=\"container\">\n\t\t\t\t<div class=\"elementor-element elementor-element-cce7c22 elementor-widget elementor-widget-theme-post-featured-image elementor-widget-image\" data-id=\"cce7c22\" data-element_type=\"widget\" data-e-type=\"widget\" data-widget_type=\"theme-post-featured-image.default\">\n\t\t\t\t\t\t\t\t\t\t\t\t\t\t\t<img loading=\"lazy\" decoding=\"async\" width=\"653\" height=\"490\" src=\"https:\/\/om-away.com\/wp-content\/uploads\/2026\/01\/fuerteventura-yoga-wellness-escape-7-day-of-movement-mindfulness-magic-in-spain-1.webp\" class=\"attachment-full size-full wp-image-17862\" alt=\"\" srcset=\"https:\/\/om-away.com\/wp-content\/uploads\/2026\/01\/fuerteventura-yoga-wellness-escape-7-day-of-movement-mindfulness-magic-in-spain-1.webp 653w, https:\/\/om-away.com\/wp-content\/uploads\/2026\/01\/fuerteventura-yoga-wellness-escape-7-day-of-movement-mindfulness-magic-in-spain-1-300x225.webp 300w, https:\/\/om-away.com\/wp-content\/uploads\/2026\/01\/fuerteventura-yoga-wellness-escape-7-day-of-movement-mindfulness-magic-in-spain-1-16x12.webp 16w\" sizes=\"(max-width: 653px) 100vw, 653px\" \/>\t\t\t\t\t\t\t\t\t\t\t\t\t\t\t<\/div>\n\t\t\t\t<div class=\"elementor-element elementor-element-8175c0e elementor-widget elementor-widget-heading\" data-id=\"8175c0e\" data-element_type=\"widget\" data-e-type=\"widget\" data-widget_type=\"heading.default\">\n\t\t\t\t\t<h2 class=\"elementor-heading-title elementor-size-default\">6 Day Mediterranean Beach Yoga Holiday in Valencia, Spain<\/h2>\t\t\t\t<\/div>\n\t\t\t\t<\/div>\n\t\t<div class=\"elementor-element elementor-element-745eea6 e-con-full e-flex e-con e-child\" data-id=\"745eea6\" data-element_type=\"container\" data-e-type=\"container\">\n\t\t\t\t<div class=\"elementor-element elementor-element-2e29b40 elementor-widget elementor-widget-button\" data-id=\"2e29b40\" data-element_type=\"widget\" data-e-type=\"widget\" data-widget_type=\"button.default\">\n\t\t\t\t\t\t\t\t\t\t<a class=\"elementor-button elementor-button-link elementor-size-sm\" href=\"https:\/\/om-away.com\/de\/retreat\/fuerteventura-yoga-wellness-escape-7-day-of-movement-mindfulness-magic-in-spain\/\">\n\t\t\t\t\t\t<span class=\"elementor-button-content-wrapper\">\n\t\t\t\t\t\t\t\t\t<span class=\"elementor-button-text\">Learn More<\/span>\n\t\t\t\t\t<\/span>\n\t\t\t\t\t<\/a>\n\t\t\t\t\t\t\t\t<\/div>\n\t\t\t\t<\/div>\n\t\t\t\t\t<\/div>\n\t\t\t\t<\/div>\n\t\t\t\t<\/div>\n\t\t\t\t<div data-elementor-type=\"loop-item\" data-elementor-id=\"16929\" class=\"elementor elementor-16929 e-loop-item e-loop-item-12357 post-12357 retreat type-retreat status-publish has-post-thumbnail hentry location-spain\" data-elementor-post-type=\"elementor_library\" data-custom-edit-handle=\"1\">\n\t\t\t<div class=\"elementor-element elementor-element-5411d48 e-flex e-con-boxed e-con e-parent\" data-id=\"5411d48\" data-element_type=\"container\" data-e-type=\"container\">\n\t\t\t\t\t<div class=\"e-con-inner\">\n\t\t<div class=\"elementor-element elementor-element-3ac80d3 e-con-full e-flex e-con e-child\" data-id=\"3ac80d3\" data-element_type=\"container\" data-e-type=\"container\">\n\t\t\t\t<div class=\"elementor-element elementor-element-cce7c22 elementor-widget elementor-widget-theme-post-featured-image elementor-widget-image\" data-id=\"cce7c22\" data-element_type=\"widget\" data-e-type=\"widget\" data-widget_type=\"theme-post-featured-image.default\">\n\t\t\t\t\t\t\t\t\t\t\t\t\t\t\t<img loading=\"lazy\" decoding=\"async\" width=\"653\" height=\"490\" src=\"https:\/\/om-away.com\/wp-content\/uploads\/2026\/01\/4-day-chakra-bliss-yoga-retreat-with-hike-to-waterfalls-and-good-food-near-barcelona-spain-1.webp\" class=\"attachment-full size-full wp-image-17943\" alt=\"\" srcset=\"https:\/\/om-away.com\/wp-content\/uploads\/2026\/01\/4-day-chakra-bliss-yoga-retreat-with-hike-to-waterfalls-and-good-food-near-barcelona-spain-1.webp 653w, https:\/\/om-away.com\/wp-content\/uploads\/2026\/01\/4-day-chakra-bliss-yoga-retreat-with-hike-to-waterfalls-and-good-food-near-barcelona-spain-1-300x225.webp 300w, https:\/\/om-away.com\/wp-content\/uploads\/2026\/01\/4-day-chakra-bliss-yoga-retreat-with-hike-to-waterfalls-and-good-food-near-barcelona-spain-1-16x12.webp 16w\" sizes=\"(max-width: 653px) 100vw, 653px\" \/>\t\t\t\t\t\t\t\t\t\t\t\t\t\t\t<\/div>\n\t\t\t\t<div class=\"elementor-element elementor-element-8175c0e elementor-widget elementor-widget-heading\" data-id=\"8175c0e\" data-element_type=\"widget\" data-e-type=\"widget\" data-widget_type=\"heading.default\">\n\t\t\t\t\t<h2 class=\"elementor-heading-title elementor-size-default\">4 Day Chakra Bliss Yoga Retreat with Hike to Waterfalls and Good Food near Barcelona, Spain<\/h2>\t\t\t\t<\/div>\n\t\t\t\t<\/div>\n\t\t<div class=\"elementor-element elementor-element-745eea6 e-con-full e-flex e-con e-child\" data-id=\"745eea6\" data-element_type=\"container\" data-e-type=\"container\">\n\t\t\t\t<div class=\"elementor-element elementor-element-2e29b40 elementor-widget elementor-widget-button\" data-id=\"2e29b40\" data-element_type=\"widget\" data-e-type=\"widget\" data-widget_type=\"button.default\">\n\t\t\t\t\t\t\t\t\t\t<a class=\"elementor-button elementor-button-link elementor-size-sm\" href=\"https:\/\/om-away.com\/de\/retreat\/4-day-chakra-bliss-yoga-retreat-with-hike-to-waterfalls-and-good-food-near-barcelona-spain\/\">\n\t\t\t\t\t\t<span class=\"elementor-button-content-wrapper\">\n\t\t\t\t\t\t\t\t\t<span class=\"elementor-button-text\">Learn More<\/span>\n\t\t\t\t\t<\/span>\n\t\t\t\t\t<\/a>\n\t\t\t\t\t\t\t\t<\/div>\n\t\t\t\t<\/div>\n\t\t\t\t\t<\/div>\n\t\t\t\t<\/div>\n\t\t\t\t<\/div>\n\t\t\t\t<div data-elementor-type=\"loop-item\" data-elementor-id=\"16929\" class=\"elementor elementor-16929 e-loop-item e-loop-item-12334 post-12334 retreat type-retreat status-publish hentry location-spain\" data-elementor-post-type=\"elementor_library\" data-custom-edit-handle=\"1\">\n\t\t\t<div class=\"elementor-element elementor-element-5411d48 e-flex e-con-boxed e-con e-parent\" data-id=\"5411d48\" data-element_type=\"container\" data-e-type=\"container\">\n\t\t\t\t\t<div class=\"e-con-inner\">\n\t\t<div class=\"elementor-element elementor-element-3ac80d3 e-con-full e-flex e-con e-child\" data-id=\"3ac80d3\" data-element_type=\"container\" data-e-type=\"container\">\n\t\t\t\t<div class=\"elementor-element elementor-element-cce7c22 elementor-widget elementor-widget-theme-post-featured-image elementor-widget-image\" data-id=\"cce7c22\" data-element_type=\"widget\" data-e-type=\"widget\" data-widget_type=\"theme-post-featured-image.default\">\n\t\t\t\t\t\t\t\t\t\t\t\t\t\t\t<img loading=\"lazy\" decoding=\"async\" width=\"1701\" height=\"2560\" src=\"https:\/\/om-away.com\/wp-content\/uploads\/2026\/01\/jack-ward-rknrvCrfS1k-unsplash-scaled.jpg\" class=\"attachment-full size-full wp-image-19787\" alt=\"mindfulness nature\" srcset=\"https:\/\/om-away.com\/wp-content\/uploads\/2026\/01\/jack-ward-rknrvCrfS1k-unsplash-scaled.jpg 1701w, https:\/\/om-away.com\/wp-content\/uploads\/2026\/01\/jack-ward-rknrvCrfS1k-unsplash-199x300.jpg 199w, https:\/\/om-away.com\/wp-content\/uploads\/2026\/01\/jack-ward-rknrvCrfS1k-unsplash-680x1024.jpg 680w, https:\/\/om-away.com\/wp-content\/uploads\/2026\/01\/jack-ward-rknrvCrfS1k-unsplash-768x1156.jpg 768w, https:\/\/om-away.com\/wp-content\/uploads\/2026\/01\/jack-ward-rknrvCrfS1k-unsplash-1020x1536.jpg 1020w, https:\/\/om-away.com\/wp-content\/uploads\/2026\/01\/jack-ward-rknrvCrfS1k-unsplash-1360x2048.jpg 1360w, https:\/\/om-away.com\/wp-content\/uploads\/2026\/01\/jack-ward-rknrvCrfS1k-unsplash-8x12.jpg 8w\" sizes=\"(max-width: 1701px) 100vw, 1701px\" \/>\t\t\t\t\t\t\t\t\t\t\t\t\t\t\t<\/div>\n\t\t\t\t<div class=\"elementor-element elementor-element-8175c0e elementor-widget elementor-widget-heading\" data-id=\"8175c0e\" data-element_type=\"widget\" data-e-type=\"widget\" data-widget_type=\"heading.default\">\n\t\t\t\t\t<h2 class=\"elementor-heading-title elementor-size-default\">Vegan Yoga retreat, Alicante, Spain<\/h2>\t\t\t\t<\/div>\n\t\t\t\t<\/div>\n\t\t<div class=\"elementor-element elementor-element-745eea6 e-con-full e-flex e-con e-child\" data-id=\"745eea6\" data-element_type=\"container\" data-e-type=\"container\">\n\t\t\t\t<div class=\"elementor-element elementor-element-2e29b40 elementor-widget elementor-widget-button\" data-id=\"2e29b40\" data-element_type=\"widget\" data-e-type=\"widget\" data-widget_type=\"button.default\">\n\t\t\t\t\t\t\t\t\t\t<a class=\"elementor-button elementor-button-link elementor-size-sm\" href=\"https:\/\/om-away.com\/de\/retreat\/vegan-yoga-retreat-alicante-spain\/\">\n\t\t\t\t\t\t<span class=\"elementor-button-content-wrapper\">\n\t\t\t\t\t\t\t\t\t<span class=\"elementor-button-text\">Learn More<\/span>\n\t\t\t\t\t<\/span>\n\t\t\t\t\t<\/a>\n\t\t\t\t\t\t\t\t<\/div>\n\t\t\t\t<\/div>\n\t\t\t\t\t<\/div>\n\t\t\t\t<\/div>\n\t\t\t\t<\/div>\n\t\t\t\t<\/div>\n\t\t\n\t\t\t\t\t\t<\/div>\n\t\t\t\t<\/div>\n\t\t\t\t<\/div>\n\t\t<div class=\"elementor-element elementor-element-165ea1a9 e-flex e-con-boxed e-con e-parent\" data-id=\"165ea1a9\" data-element_type=\"container\" data-e-type=\"container\">\n\t\t\t\t\t<div class=\"e-con-inner\">\n\t\t<div class=\"elementor-element elementor-element-3370be3c e-con-full e-flex e-con e-child\" data-id=\"3370be3c\" data-element_type=\"container\" data-e-type=\"container\">\n\t\t\t\t<div class=\"elementor-element elementor-element-24794f28 elementor-widget elementor-widget-heading\" data-id=\"24794f28\" data-element_type=\"widget\" data-e-type=\"widget\" data-widget_type=\"heading.default\">\n\t\t\t\t\t<h2 class=\"elementor-heading-title elementor-size-default\">Regional Breakdown: Where to Go in April<\/h2>\t\t\t\t<\/div>\n\t\t\t\t<div class=\"elementor-element elementor-element-3f1638c1 elementor-widget elementor-widget-text-editor\" data-id=\"3f1638c1\" data-element_type=\"widget\" data-e-type=\"widget\" data-widget_type=\"text-editor.default\">\n\t\t\t\t\t\t\t\t\t<p><strong>Canary Islands: Consistent Excellence Continues<\/strong><br \/>The Canaries in April maintain their year-round advantage, though with slight warming\u2014<strong>temperatures reach 19-24\u00b0C with increasing sunshine hours<\/strong>\u00a0(8-9 hours daily). This is peak outdoor yoga weather without the intense heat that arrives later. Ocean temperatures climb to 19-20\u00b0C, making swimming genuinely pleasant rather than merely tolerable.<br \/>Tenerife\u2019s wellness infrastructure operates at full capacity with comfortable booking levels. Lanzarote\u2019s volcanic landscapes gain particular appeal as European visitors increase but before summer crowds arrive. Gran Canaria\u2019s microclimates allow perfect conditions regardless of occasional cloudy spells. Fuerteventura sees wind sports enthusiasts arriving, creating livelier atmosphere while maintaining space and accessibility.<br \/>April brings wild flower blooms even to the islands\u2019 arid landscapes, and agricultural seasons provide maximum fresh produce variety. <strong>This is arguably the Canaries\u2019 most perfect month<\/strong>\u2014warm but not hot, sunny but not intense, active but not crowded.<br \/><strong>Andalusia: Spring Awakening<\/strong><br \/>Andalusia in April transforms completely. <strong>Temperatures range from 15-22\u00b0C\u2014genuinely pleasant for all-day outdoor activities<\/strong>. The countryside explodes with wildflowers and blossoms, historic cities become comfortable for exploration, and coastal areas warm enough for beachside practice without requiring heated spaces as backup.<br \/>Granada sees the Sierra Nevada mountains still snow-capped while the city below enjoys spring warmth\u2014you can theoretically ski in the morning and practice yoga in shirtsleeves by afternoon. Seville\u2019s legendary April Fair doesn\u2019t start until late April, so April offers the city\u2019s beauty without overwhelming festival crowds. M\u00e1laga emerges as an exceptional choice with 19-20\u00b0C averages, urban sophistication, and easy beach access.<br \/>The Costa del Sol lives up to its name reliably by April, with resort towns operating fully but comfortably. <strong>Rural Andalusia\u2014whitewashed villages, olive groves, mountain retreats\u2014becomes idyllic<\/strong>\u00a0with perfect hiking temperatures and stunning spring landscapes. The region\u2019s historic hammams and thermal baths provide warm refuge during cooler mornings.<\/p>\t\t\t\t\t\t\t\t<\/div>\n\t\t\t\t<\/div>\n\t\t<div class=\"elementor-element elementor-element-3eeee32b e-con-full e-flex e-con e-child\" data-id=\"3eeee32b\" data-element_type=\"container\" data-e-type=\"container\">\n\t\t\t\t<div class=\"elementor-element elementor-element-2267e09d elementor-widget elementor-widget-image\" data-id=\"2267e09d\" data-element_type=\"widget\" data-e-type=\"widget\" data-widget_type=\"image.default\">\n\t\t\t\t\t\t\t\t\t\t\t\t\t\t\t<img loading=\"lazy\" decoding=\"async\" width=\"2560\" height=\"1707\" src=\"https:\/\/om-away.com\/wp-content\/uploads\/2026\/01\/alex-SjUMdRtICmk-unsplash-scaled.jpg\" class=\"attachment-full size-full wp-image-22102\" alt=\"Plaza de Espa\u00f1a in Seville, Spain, with open walkways, blue sky, and a bright spring atmosphere.\" srcset=\"https:\/\/om-away.com\/wp-content\/uploads\/2026\/01\/alex-SjUMdRtICmk-unsplash-scaled.jpg 2560w, https:\/\/om-away.com\/wp-content\/uploads\/2026\/01\/alex-SjUMdRtICmk-unsplash-300x200.jpg 300w, https:\/\/om-away.com\/wp-content\/uploads\/2026\/01\/alex-SjUMdRtICmk-unsplash-1024x683.jpg 1024w, https:\/\/om-away.com\/wp-content\/uploads\/2026\/01\/alex-SjUMdRtICmk-unsplash-768x512.jpg 768w, https:\/\/om-away.com\/wp-content\/uploads\/2026\/01\/alex-SjUMdRtICmk-unsplash-1536x1024.jpg 1536w, https:\/\/om-away.com\/wp-content\/uploads\/2026\/01\/alex-SjUMdRtICmk-unsplash-2048x1365.jpg 2048w, https:\/\/om-away.com\/wp-content\/uploads\/2026\/01\/alex-SjUMdRtICmk-unsplash-18x12.jpg 18w\" sizes=\"(max-width: 2560px) 100vw, 2560px\" \/>\t\t\t\t\t\t\t\t\t\t\t\t\t\t\t<\/div>\n\t\t\t\t<div class=\"elementor-element elementor-element-5e5c6825 elementor-widget elementor-widget-text-editor\" data-id=\"5e5c6825\" data-element_type=\"widget\" data-e-type=\"widget\" data-widget_type=\"text-editor.default\">\n\t\t\t\t\t\t\t\t\t<p><strong>Barcelona and Catalonia: Awakening Urban Energy<\/strong><br \/>Barcelona in April shifts from winter quiet to spring vitality. Temperatures reach 12-18\u00b0C\u2014cool but increasingly comfortable, with sunny days outnumbering rainy ones. <strong>Outdoor caf\u00e9 culture resumes, rooftop yoga becomes genuinely pleasant<\/strong>, and the city\u2019s parks (Ciutadella, Montju\u00efc) transform into viable outdoor practice spaces.<br \/>The Costa Brava awakens from winter dormancy, with coastal towns reopening and hiking trails becoming accessible. Medieval villages host small wellness retreats in renovated historic buildings. The region\u2019s thermal spa tradition\u2014particularly around Caldes\u2014offers outdoor thermal pools that become comfortable in April\u2019s warming temperatures.<br \/>Gaud\u00ed\u2019s masterpieces gain appeal as weather improves without summer\u2019s overwhelming crowds. The Sagrada Fam\u00edlia, Park G\u00fcell, and Casa Batll\u00f3 become contemplative experiences rather than endurance tests.<br \/><strong>Valencia and Mediterranean Coast<\/strong><br \/>Valencia in April becomes one of Spain\u2019s wellness sweet spots. <strong>Las Fallas festival (April 15-19) brings explosive celebration<\/strong>\u2014enormous satirical sculptures, fireworks, street parties, traditional costumes. Some retreats embrace this cultural immersion; others schedule around it for peace.<br \/>The city\u2019s beaches become usable for walking and meditation though not yet swimming weather. The Albufera lagoon south of Valencia offers serene natural settings. The Mediterranean coast\u2019s smaller towns\u2014Alicante, Denia, J\u00e1vea\u2014provide quieter alternatives with improving weather (16-20\u00b0C) and authentic Spanish character.<br \/><strong>Northern Spain: Emerging from Winter<\/strong><br \/>Northern Spain in April transitions from proper winter to early spring. The Basque Country, Cantabria, and Galicia see temperatures of 12-16\u00b0C with decreasing rainfall. <strong>This timing suits those seeking Spain\u2019s thermal spa culture<\/strong>\u00a0in mountain settings, Celtic heritage in Galicia, or Basque culinary excellence.<br \/>The Camino de Santiago becomes increasingly popular as pilgrim season begins. Some wellness retreats incorporate Camino sections or locate near the pilgrimage route, offering contemplative walking combined with traditional spa culture.<\/p>\t\t\t\t\t\t\t\t<\/div>\n\t\t\t\t<\/div>\n\t\t\t\t\t<\/div>\n\t\t\t\t<\/div>\n\t\t<div class=\"elementor-element elementor-element-56a39f0a e-flex e-con-boxed e-con e-parent\" data-id=\"56a39f0a\" data-element_type=\"container\" data-e-type=\"container\">\n\t\t\t\t\t<div class=\"e-con-inner\">\n\t\t<div class=\"elementor-element elementor-element-3b28d13a e-con-full e-flex e-con e-child\" data-id=\"3b28d13a\" data-element_type=\"container\" data-e-type=\"container\">\n\t\t<div class=\"elementor-element elementor-element-29b78e8f e-con-full e-flex e-con e-child\" data-id=\"29b78e8f\" data-element_type=\"container\" data-e-type=\"container\">\n\t\t\t\t<div class=\"elementor-element elementor-element-9f6f942 elementor-widget elementor-widget-heading\" data-id=\"9f6f942\" data-element_type=\"widget\" data-e-type=\"widget\" data-widget_type=\"heading.default\">\n\t\t\t\t\t<h2 class=\"elementor-heading-title elementor-size-default\">Crowds, Pricing, and Practical Realities\n<\/h2>\t\t\t\t<\/div>\n\t\t\t\t<div class=\"elementor-element elementor-element-33058993 elementor-widget elementor-widget-text-editor\" data-id=\"33058993\" data-element_type=\"widget\" data-e-type=\"widget\" data-widget_type=\"text-editor.default\">\n\t\t\t\t\t\t\t\t\t<p>April occupies interesting pricing territory. <strong>Early April maintains winter\u2019s low rates (30-40% below peak), late April begins shoulder season pricing<\/strong> (20-30% below peak), with Easter week creating temporary premium if it falls in April. This remains excellent value compared to summer while offering substantially improved weather over January-February.<\/p><p>Crowds depend dramatically on Easter timing. If Easter falls in April, April stays beautifully uncrowded with an authentic Spanish atmosphere. If Semana Santa (Holy Week) arrives in late April, you\u2019ll encounter domestic tourism as Spanish families travel, particularly to Seville, Granada, and religious pilgrimage sites. <strong>Semana Santa brings incredible cultural experiences\u2014elaborate processions, traditional music, local celebrations<\/strong>\u2014but also requires advance booking and acceptance of crowds.<\/p><p>International tourism increases steadily through April as European weather improves and people seek spring breaks. The Canaries see growing visitor numbers but nothing approaching summer density. Mainland remains comfortable, with booking windows tightening to 4-6 weeks for popular retreats.<\/p><p><strong>Retreat Programs That Work in April<\/strong><\/p><p>April\u2019s improving conditions suit <strong>active outdoor programs beautifully<\/strong>. Daily outdoor yoga becomes reliable in most regions (Canaries, Andalusia, Valencia), hiking and walking retreats thrive in perfect temperatures, and coastal activities resume without summer heat exhaustion risks.<\/p><p>Renewal and spring cleanse programs align naturally with the season. April\u2019s energy supports fresh starts\u2014detox programs, new practice initiations, lifestyle resets. The approaching spring creates psychological alignment with wellness intentions.<\/p><p>Cultural immersion formats excel\u2014combining yoga with Spanish cooking classes (spring vegetables, Mediterranean diet), wine education (barrel tasting before bottling), language learning, art and architecture tours in comfortable weather.\u00a0<strong>If Semana Santa occurs, some retreats incorporate procession viewing<\/strong>\u00a0and cultural education about Spain\u2019s most important religious tradition.<\/p><p>Hiking-intensive retreats become particularly appealing. Andalusian countryside, Canary Islands volcanic terrain, Costa Brava coastal paths, and even Camino de Santiago sections work beautifully in April\u2019s moderate temperatures. Walking meditation and mindful hiking integrate naturally.<\/p>\t\t\t\t\t\t\t\t<\/div>\n\t\t\t\t<\/div>\n\t\t<div class=\"elementor-element elementor-element-3b9ebb5f e-con-full e-flex e-con e-child\" data-id=\"3b9ebb5f\" data-element_type=\"container\" data-e-type=\"container\">\n\t\t\t\t<div class=\"elementor-element elementor-element-7a241954 elementor-widget elementor-widget-image\" data-id=\"7a241954\" data-element_type=\"widget\" data-e-type=\"widget\" data-widget_type=\"image.default\">\n\t\t\t\t\t\t\t\t\t\t\t\t\t\t\t<img loading=\"lazy\" decoding=\"async\" width=\"1920\" height=\"2560\" src=\"https:\/\/om-away.com\/wp-content\/uploads\/2026\/01\/howie-mapson-FCS6TNe7s_8-unsplash-scaled.jpg\" class=\"attachment-full size-full wp-image-22103\" alt=\"Rooftop view of Valencia\u2019s old town in Spain with warm light and historic city texture.\" srcset=\"https:\/\/om-away.com\/wp-content\/uploads\/2026\/01\/howie-mapson-FCS6TNe7s_8-unsplash-scaled.jpg 1920w, https:\/\/om-away.com\/wp-content\/uploads\/2026\/01\/howie-mapson-FCS6TNe7s_8-unsplash-225x300.jpg 225w, https:\/\/om-away.com\/wp-content\/uploads\/2026\/01\/howie-mapson-FCS6TNe7s_8-unsplash-768x1024.jpg 768w, https:\/\/om-away.com\/wp-content\/uploads\/2026\/01\/howie-mapson-FCS6TNe7s_8-unsplash-1152x1536.jpg 1152w, https:\/\/om-away.com\/wp-content\/uploads\/2026\/01\/howie-mapson-FCS6TNe7s_8-unsplash-1536x2048.jpg 1536w, https:\/\/om-away.com\/wp-content\/uploads\/2026\/01\/howie-mapson-FCS6TNe7s_8-unsplash-9x12.jpg 9w\" sizes=\"(max-width: 1920px) 100vw, 1920px\" \/>\t\t\t\t\t\t\t\t\t\t\t\t\t\t\t<\/div>\n\t\t\t\t<\/div>\n\t\t\t\t<\/div>\n\t\t\t\t\t<\/div>\n\t\t\t\t<\/div>\n\t\t<div class=\"elementor-element elementor-element-58686d11 e-flex e-con-boxed e-con e-parent\" data-id=\"58686d11\" data-element_type=\"container\" data-e-type=\"container\">\n\t\t\t\t\t<div class=\"e-con-inner\">\n\t\t<div class=\"elementor-element elementor-element-5a29f89e e-con-full e-flex e-con e-child\" data-id=\"5a29f89e\" data-element_type=\"container\" data-e-type=\"container\">\n\t\t\t\t<div class=\"elementor-element elementor-element-1384564f elementor-widget elementor-widget-image\" data-id=\"1384564f\" data-element_type=\"widget\" data-e-type=\"widget\" data-widget_type=\"image.default\">\n\t\t\t\t\t\t\t\t\t\t\t\t\t\t\t<img loading=\"lazy\" decoding=\"async\" width=\"2560\" height=\"2560\" src=\"https:\/\/om-away.com\/wp-content\/uploads\/2026\/01\/julia-monika-nilsen-cDc0pl6_u3o-unsplash-scaled.jpg\" class=\"attachment-full size-full wp-image-22104\" alt=\"Rooftop view of Valencia\u2019s old town in Spain with warm light and historic city texture.\" srcset=\"https:\/\/om-away.com\/wp-content\/uploads\/2026\/01\/julia-monika-nilsen-cDc0pl6_u3o-unsplash-scaled.jpg 2560w, https:\/\/om-away.com\/wp-content\/uploads\/2026\/01\/julia-monika-nilsen-cDc0pl6_u3o-unsplash-300x300.jpg 300w, https:\/\/om-away.com\/wp-content\/uploads\/2026\/01\/julia-monika-nilsen-cDc0pl6_u3o-unsplash-1024x1024.jpg 1024w, https:\/\/om-away.com\/wp-content\/uploads\/2026\/01\/julia-monika-nilsen-cDc0pl6_u3o-unsplash-150x150.jpg 150w, https:\/\/om-away.com\/wp-content\/uploads\/2026\/01\/julia-monika-nilsen-cDc0pl6_u3o-unsplash-768x768.jpg 768w, https:\/\/om-away.com\/wp-content\/uploads\/2026\/01\/julia-monika-nilsen-cDc0pl6_u3o-unsplash-1536x1536.jpg 1536w, https:\/\/om-away.com\/wp-content\/uploads\/2026\/01\/julia-monika-nilsen-cDc0pl6_u3o-unsplash-2048x2048.jpg 2048w, https:\/\/om-away.com\/wp-content\/uploads\/2026\/01\/julia-monika-nilsen-cDc0pl6_u3o-unsplash-12x12.jpg 12w\" sizes=\"(max-width: 2560px) 100vw, 2560px\" \/>\t\t\t\t\t\t\t\t\t\t\t\t\t\t\t<\/div>\n\t\t\t\t<\/div>\n\t\t<div class=\"elementor-element elementor-element-442c1000 e-con-full e-flex e-con e-child\" data-id=\"442c1000\" data-element_type=\"container\" data-e-type=\"container\">\n\t\t\t\t<div class=\"elementor-element elementor-element-4cf38560 elementor-widget elementor-widget-heading\" data-id=\"4cf38560\" data-element_type=\"widget\" data-e-type=\"widget\" data-widget_type=\"heading.default\">\n\t\t\t\t\t<h2 class=\"elementor-heading-title elementor-size-default\">Packing for April Spain\n<\/h2>\t\t\t\t<\/div>\n\t\t\t\t<div class=\"elementor-element elementor-element-57a3ab3c elementor-widget elementor-widget-text-editor\" data-id=\"57a3ab3c\" data-element_type=\"widget\" data-e-type=\"widget\" data-widget_type=\"text-editor.default\">\n\t\t\t\t\t\t\t\t\t<p>For Canary Islands:\u00a0<strong>Spring\/early summer wardrobe<\/strong>\u2014regular yoga wear, t-shirts and shorts, light long pants, single warm layer for evening, light rain jacket, sun protection (SPF 30+), hat, sunglasses, walking shoes, sandals, swimwear. Temperatures suit standard active wear.<\/p><p>For mainland Spain: Layering system essential\u2014light jacket or fleece, yoga layers for variable conditions, mix of short and long pants, closed-toe shoes plus sandals, scarf for cooler mornings, possibly light gloves for early sessions. Pack for 12-22\u00b0C with variable spring weather. Swimwear for heated pools.<\/p><p>Universal items: Travel yoga mat if preferred, journal, European adaptors, reusable water bottle, sunscreen (increasing UV strength), after-sun care, basic first aid, modest clothing for cultural sites (churches require coverage), umbrella or rain jacket for spring showers.<\/p><p><strong>Spanish Cultural Elements in April<\/strong><\/p><p>April\u2019s cultural calendar varies with Easter\u2019s timing. <strong>When Semana Santa falls in April, it dominates the entire week leading to Easter Sunday<\/strong>. Seville hosts Spain\u2019s most elaborate processions with enormous pasos (religious floats) carried through streets, hooded penitents, haunting saetas (flamenco prayers), and massive crowds. Granada, M\u00e1laga, and numerous smaller towns hold their own deeply traditional ceremonies.<\/p><p>Valencia\u2019s Las Fallas (April 15-19) brings entirely different energy\u2014satirical rather than religious, explosive rather than solemn. Enormous papier-m\u00e2ch\u00e9 sculptures fill the city streets, daily masclet\u00e0s (coordinated firework displays) shake the ground, and the final Crem\u00e0 (burning) creates spectacular chaos. <strong>This is Spain at its most exuberant and uninhibited.<\/strong><\/p><p>Beyond festivals, April brings increasing outdoor social life. Terrace dining resumes, evening paseos (social strolls) reappear, and Spanish life moves outdoors. Markets overflow with spring vegetables and early strawberries. The Mediterranean diet emphasizes seasonal ingredients\u2014artichokes, asparagus, peas, spring lamb.<\/p>\t\t\t\t\t\t\t\t<\/div>\n\t\t\t\t<\/div>\n\t\t\t\t\t<\/div>\n\t\t\t\t<\/div>\n\t\t<div class=\"elementor-element elementor-element-fbf7129 e-flex e-con-boxed e-con e-parent\" data-id=\"fbf7129\" data-element_type=\"container\" data-e-type=\"container\">\n\t\t\t\t\t<div class=\"e-con-inner\">\n\t\t\t\t<div class=\"elementor-element elementor-element-7ad15e43 elementor-widget elementor-widget-heading\" data-id=\"7ad15e43\" data-element_type=\"widget\" data-e-type=\"widget\" data-widget_type=\"heading.default\">\n\t\t\t\t\t<h2 class=\"elementor-heading-title elementor-size-default\">FAQs: Yoga Retreats in Spain in April 2027<\/h2>\t\t\t\t<\/div>\n\t\t\t\t<div class=\"elementor-element elementor-element-29ef8a22 elementor-widget elementor-widget-text-editor\" data-id=\"29ef8a22\" data-element_type=\"widget\" data-e-type=\"widget\" data-widget_type=\"text-editor.default\">\n\t\t\t\t\t\t\t\t\t<p><strong>1. Is April a good month for a yoga retreat in Spain?<\/strong><\/p><ul><li>Yes. April is one of the best months for yoga retreats in Spain because temperatures are warm but comfortable, the weather is generally reliable, and outdoor programming becomes much easier.<\/li><\/ul><p><strong>2. What is the weather like in Spain in April for a retreat?<\/strong><\/p><ul><li>April usually brings genuine spring warmth, with the Canary Islands around 20 to 25\u00b0C and Andalusia around 18 to 26\u00b0C, which works very well for terrace yoga, nature time, and relaxed travel.<\/li><\/ul><p><strong>3. Which parts of Spain work best for yoga retreats in April?<\/strong><\/p><ul><li>Andalusia is especially strong in April for warm weather and cultural depth, while the Canary Islands remain a good choice for dependable sunshine and the Mediterranean coast starts feeling very inviting as well.<\/li><\/ul><p><strong>4. Is April cheaper than summer for yoga retreats in Spain?<\/strong><\/p><ul><li>Usually yes. April often gives travelers near-summer quality at about 15 to 25 percent below peak-season pricing, except around Holy Week in some regions.<\/li><\/ul><p><strong>5. Does April have any special cultural appeal in Spain?<\/strong><\/p><ul><li>Yes. April stands out because Semana Santa adds cultural depth in many places, and Feria de Abril brings extra seasonal energy to Andalusia.<\/li><\/ul><p><strong>6. What type of retreat works best in Spain during April?<\/strong><\/p><ul><li>April is especially well-suited to outdoor-friendly retreats that combine yoga with walking, countryside calm, fresh seasonal food, and light cultural exploration.<\/li><\/ul>\t\t\t\t\t\t\t\t<\/div>\n\t\t\t\t\t<\/div>\n\t\t\t\t<\/div>\n\t\t<div class=\"elementor-element elementor-element-280eb47 e-flex e-con-boxed e-con e-parent\" data-id=\"280eb47\" data-element_type=\"container\" data-e-type=\"container\">\n\t\t\t\t\t<div class=\"e-con-inner\">\n\t\t\t\t<div class=\"elementor-element elementor-element-8e4d87f elementor-widget elementor-widget-heading\" data-id=\"8e4d87f\" data-element_type=\"widget\" data-e-type=\"widget\" data-widget_type=\"heading.default\">\n\t\t\t\t\t<h2 class=\"elementor-heading-title elementor-size-default\">Share Your Thoughts<\/h2>\t\t\t\t<\/div>\n\t\t\t\t<div class=\"elementor-element elementor-element-7a8167e elementor-widget elementor-widget-text-editor\" data-id=\"7a8167e\" data-element_type=\"widget\" data-e-type=\"widget\" data-widget_type=\"text-editor.default\">\n\t\t\t\t\t\t\t\t\t<p>Your email address will not be published. Required fields are marked *<\/p>\t\t\t\t\t\t\t\t<\/div>\n\t\t\t\t<div class=\"elementor-element elementor-element-29e7f1e elementor-widget elementor-widget-template\" data-id=\"29e7f1e\" data-element_type=\"widget\" data-e-type=\"widget\" data-widget_type=\"template.default\">\n\t\t\t\t<div class=\"elementor-widget-container\">\n\t\t\t\t\t\t\t<div class=\"elementor-template\">\n\t\t\t\t\t<div data-elementor-type=\"section\" data-elementor-id=\"12237\" class=\"elementor elementor-12237\" data-elementor-post-type=\"elementor_library\">\n\t\t\t<div class=\"elementor-element elementor-element-bd55068 e-con-full e-flex e-con e-parent\" data-id=\"bd55068\" data-element_type=\"container\" data-e-type=\"container\">\n\t\t\t\t<\/div>\n\t\t\t\t<\/div>\n\t\t\t\t<\/div>\n\t\t\t\t\t\t<\/div>\n\t\t\t\t<\/div>\n\t\t\t\t\t<\/div>\n\t\t\t\t<\/div>\n\t\t\t\t<\/div>\n\t\t","protected":false},"excerpt":{"rendered":"<p>July represents the zenith of the summer social calendar, a month of radiant energy.<\/p>","protected":false},"author":1,"featured_media":0,"comment_status":"open","ping_status":"open","sticky":false,"template":"","format":"standard","meta":{"_acf_changed":false,"footnotes":""},"categories":[18],"tags":[],"class_list":["post-12003","post","type-post","status-publish","format-standard","hentry","category-spain"],"acf":[],"_links":{"self":[{"href":"https:\/\/om-away.com\/de\/wp-json\/wp\/v2\/posts\/12003","targetHints":{"allow":["GET"]}}],"collection":[{"href":"https:\/\/om-away.com\/de\/wp-json\/wp\/v2\/posts"}],"about":[{"href":"https:\/\/om-away.com\/de\/wp-json\/wp\/v2\/types\/post"}],"author":[{"embeddable":true,"href":"https:\/\/om-away.com\/de\/wp-json\/wp\/v2\/users\/1"}],"replies":[{"embeddable":true,"href":"https:\/\/om-away.com\/de\/wp-json\/wp\/v2\/comments?post=12003"}],"version-history":[{"count":12,"href":"https:\/\/om-away.com\/de\/wp-json\/wp\/v2\/posts\/12003\/revisions"}],"predecessor-version":[{"id":22114,"href":"https:\/\/om-away.com\/de\/wp-json\/wp\/v2\/posts\/12003\/revisions\/22114"}],"wp:attachment":[{"href":"https:\/\/om-away.com\/de\/wp-json\/wp\/v2\/media?parent=12003"}],"wp:term":[{"taxonomy":"category","embeddable":true,"href":"https:\/\/om-away.com\/de\/wp-json\/wp\/v2\/categories?post=12003"},{"taxonomy":"post_tag","embeddable":true,"href":"https:\/\/om-away.com\/de\/wp-json\/wp\/v2\/tags?post=12003"}],"curies":[{"name":"wp","href":"https:\/\/api.w.org\/{rel}","templated":true}]}}