{"id":12002,"date":"2026-01-18T00:00:00","date_gmt":"2026-01-18T00:00:00","guid":{"rendered":"https:\/\/om-away.com\/yoga-retreats-spain-march\/"},"modified":"2026-03-31T16:49:09","modified_gmt":"2026-03-31T16:49:09","slug":"yoga-retreats-spain-march","status":"publish","type":"post","link":"https:\/\/om-away.com\/de\/yoga-retreats-spain-march\/","title":{"rendered":"Yoga Retreats in Spain in March 2026"},"content":{"rendered":"\t\t<div data-elementor-type=\"wp-post\" data-elementor-id=\"12002\" class=\"elementor elementor-12002\" data-elementor-post-type=\"post\">\n\t\t\t\t<div class=\"elementor-element elementor-element-200c7fd8 e-flex e-con-boxed e-con e-parent\" data-id=\"200c7fd8\" data-element_type=\"container\" data-e-type=\"container\">\n\t\t\t\t\t<div class=\"e-con-inner\">\n\t\t<div class=\"elementor-element elementor-element-5cadd791 e-con-full e-flex e-con e-child\" data-id=\"5cadd791\" data-element_type=\"container\" data-e-type=\"container\">\n\t\t<div class=\"elementor-element elementor-element-3f13e1c8 e-con-full e-flex e-con e-child\" data-id=\"3f13e1c8\" data-element_type=\"container\" data-e-type=\"container\">\n\t\t\t\t<div class=\"elementor-element elementor-element-15df6ae1 elementor-widget elementor-widget-image\" data-id=\"15df6ae1\" data-element_type=\"widget\" data-e-type=\"widget\" data-widget_type=\"image.default\">\n\t\t\t\t\t\t\t\t\t\t\t\t\t\t\t<img fetchpriority=\"high\" decoding=\"async\" width=\"1600\" height=\"1061\" src=\"https:\/\/om-away.com\/wp-content\/uploads\/2026\/01\/yoga-and-wellness-retreats-in-spain-in-march-2026-2048x1358-1.webp\" class=\"attachment-full size-full wp-image-15763\" alt=\"\" srcset=\"https:\/\/om-away.com\/wp-content\/uploads\/2026\/01\/yoga-and-wellness-retreats-in-spain-in-march-2026-2048x1358-1.webp 1600w, https:\/\/om-away.com\/wp-content\/uploads\/2026\/01\/yoga-and-wellness-retreats-in-spain-in-march-2026-2048x1358-1-300x199.webp 300w, https:\/\/om-away.com\/wp-content\/uploads\/2026\/01\/yoga-and-wellness-retreats-in-spain-in-march-2026-2048x1358-1-1024x679.webp 1024w, https:\/\/om-away.com\/wp-content\/uploads\/2026\/01\/yoga-and-wellness-retreats-in-spain-in-march-2026-2048x1358-1-768x509.webp 768w, https:\/\/om-away.com\/wp-content\/uploads\/2026\/01\/yoga-and-wellness-retreats-in-spain-in-march-2026-2048x1358-1-1536x1019.webp 1536w, https:\/\/om-away.com\/wp-content\/uploads\/2026\/01\/yoga-and-wellness-retreats-in-spain-in-march-2026-2048x1358-1-18x12.webp 18w\" sizes=\"(max-width: 1600px) 100vw, 1600px\" \/>\t\t\t\t\t\t\t\t\t\t\t\t\t\t\t<\/div>\n\t\t\t\t<\/div>\n\t\t<div class=\"elementor-element elementor-element-6c0f0c5c e-con-full e-flex e-con e-child\" data-id=\"6c0f0c5c\" data-element_type=\"container\" data-e-type=\"container\">\n\t\t<div class=\"elementor-element elementor-element-4c39f82f e-con-full e-flex e-con e-child\" data-id=\"4c39f82f\" data-element_type=\"container\" data-e-type=\"container\">\n\t\t\t\t<div class=\"elementor-element elementor-element-21915e4e elementor-widget elementor-widget-heading\" data-id=\"21915e4e\" data-element_type=\"widget\" data-e-type=\"widget\" data-widget_type=\"heading.default\">\n\t\t\t\t\t<h2 class=\"elementor-heading-title elementor-size-default\"><a href=\"https:\/\/om-away.com\/de\/category\/spain\/\" rel=\"tag\">Spain<\/a><\/h2>\t\t\t\t<\/div>\n\t\t\t\t<div class=\"elementor-element elementor-element-2d736e01 elementor-widget elementor-widget-heading\" data-id=\"2d736e01\" data-element_type=\"widget\" data-e-type=\"widget\" data-widget_type=\"heading.default\">\n\t\t\t\t\t<h2 class=\"elementor-heading-title elementor-size-default\">Yoga Retreats in Spain in March 2027<\/h2>\t\t\t\t<\/div>\n\t\t\t\t<div class=\"elementor-element elementor-element-1caace7 elementor-widget elementor-widget-text-editor\" data-id=\"1caace7\" data-element_type=\"widget\" data-e-type=\"widget\" data-widget_type=\"text-editor.default\">\n\t\t\t\t\t\t\t\t\t<p>March is when Spain starts to feel open again: almond and cherry blossoms appear, outdoor life returns, and the weather settles into that rare middle ground where it is warm enough for terrace yoga and nature walks without the intensity of summer heat. It is one of the most appealing spring reset months because Andalusia and the Mediterranean coast begin to wake up, the Canary Islands stay comfortably warm, and the season still offers better value and fewer crowds than peak travel periods.<\/p>\t\t\t\t\t\t\t\t<\/div>\n\t\t\t\t<\/div>\n\t\t<div class=\"elementor-element elementor-element-14e48135 e-con-full e-flex e-con e-child\" data-id=\"14e48135\" data-element_type=\"container\" data-e-type=\"container\" data-settings=\"{&quot;background_background&quot;:&quot;classic&quot;}\">\n\t\t<div class=\"elementor-element elementor-element-5d45847e e-con-full e-flex e-con e-child\" data-id=\"5d45847e\" data-element_type=\"container\" data-e-type=\"container\">\n\t\t\t\t<div class=\"elementor-element elementor-element-47de810b elementor-widget elementor-widget-text-editor\" data-id=\"47de810b\" data-element_type=\"widget\" data-e-type=\"widget\" data-widget_type=\"text-editor.default\">\n\t\t\t\t\t\t\t\t\t<p>AUTHOR<\/p>\t\t\t\t\t\t\t\t<\/div>\n\t\t\t\t<div class=\"elementor-element elementor-element-4c55f56a elementor-widget elementor-widget-text-editor\" data-id=\"4c55f56a\" data-element_type=\"widget\" data-e-type=\"widget\" data-widget_type=\"text-editor.default\">\n\t\t\t\t\t\t\t\t\t<p>Om Away<\/p>\t\t\t\t\t\t\t\t<\/div>\n\t\t\t\t<\/div>\n\t\t<div class=\"elementor-element elementor-element-1b624343 e-con-full e-flex e-con e-child\" data-id=\"1b624343\" data-element_type=\"container\" data-e-type=\"container\">\n\t\t\t\t<div class=\"elementor-element elementor-element-71abce21 elementor-widget elementor-widget-text-editor\" data-id=\"71abce21\" data-element_type=\"widget\" data-e-type=\"widget\" data-widget_type=\"text-editor.default\">\n\t\t\t\t\t\t\t\t\t<p>DATE PUBLISHED<\/p>\t\t\t\t\t\t\t\t<\/div>\n\t\t\t\t<div class=\"elementor-element elementor-element-5ea619b1 elementor-widget elementor-widget-text-editor\" data-id=\"5ea619b1\" data-element_type=\"widget\" data-e-type=\"widget\" data-widget_type=\"text-editor.default\">\n\t\t\t\t\t\t\t\t\tJanuar 18, 2026\t\t\t\t\t\t\t\t<\/div>\n\t\t\t\t<\/div>\n\t\t<div class=\"elementor-element elementor-element-31a8a8d4 e-con-full e-flex e-con e-child\" data-id=\"31a8a8d4\" data-element_type=\"container\" data-e-type=\"container\">\n\t\t\t\t<div class=\"elementor-element elementor-element-5e8632b9 elementor-widget elementor-widget-text-editor\" data-id=\"5e8632b9\" data-element_type=\"widget\" data-e-type=\"widget\" data-widget_type=\"text-editor.default\">\n\t\t\t\t\t\t\t\t\t<p>CATEGORY<\/p>\t\t\t\t\t\t\t\t<\/div>\n\t\t\t\t<div class=\"elementor-element elementor-element-5cf36ac1 elementor-widget elementor-widget-text-editor\" data-id=\"5cf36ac1\" data-element_type=\"widget\" data-e-type=\"widget\" data-widget_type=\"text-editor.default\">\n\t\t\t\t\t\t\t\t\t<a href=\"https:\/\/om-away.com\/de\/category\/spain\/\" rel=\"tag\">Spain<\/a>\t\t\t\t\t\t\t\t<\/div>\n\t\t\t\t<\/div>\n\t\t\t\t<\/div>\n\t\t<div class=\"elementor-element elementor-element-900d60b e-con-full e-flex e-con e-child\" data-id=\"900d60b\" data-element_type=\"container\" data-e-type=\"container\">\n\t\t\t\t<div class=\"elementor-element elementor-element-127a1351 elementor-widget elementor-widget-heading\" data-id=\"127a1351\" data-element_type=\"widget\" data-e-type=\"widget\" data-widget_type=\"heading.default\">\n\t\t\t\t\t<h2 class=\"elementor-heading-title elementor-size-default\">Share This Article<\/h2>\t\t\t\t<\/div>\n\t\t\t\t<div class=\"elementor-element elementor-element-6b9a8078 elementor-widget elementor-widget-html\" data-id=\"6b9a8078\" data-element_type=\"widget\" data-e-type=\"widget\" data-widget_type=\"html.default\">\n\t\t\t\t\t<!-- Social Share Buttons -->\n<div class=\"custom-social-share\">\n  <a href=\"#\" class=\"share-btn\" data-platform=\"facebook\" aria-label=\"Share on Facebook\">\n    <img decoding=\"async\" src=\"https:\/\/om-away.com\/wp-content\/uploads\/2026\/02\/Group-90.svg\" alt=\"Facebook\">\n  <\/a>\n\n  <a href=\"#\" class=\"share-btn\" data-platform=\"twitter\" aria-label=\"Share on Twitter\">\n    <img decoding=\"async\" src=\"https:\/\/om-away.com\/wp-content\/uploads\/2026\/02\/Group-92.svg\" alt=\"Twitter\">\n  <\/a>\n\n  <a href=\"#\" class=\"share-btn\" data-platform=\"email\" aria-label=\"Share via Email\">\n    <img decoding=\"async\" src=\"https:\/\/om-away.com\/wp-content\/uploads\/2026\/02\/Group-94.svg\" alt=\"Email\">\n  <\/a>\n\n  <button class=\"share-btn copy-link\" aria-label=\"Copy link\">\n    <img decoding=\"async\" src=\"https:\/\/om-away.com\/wp-content\/uploads\/2026\/02\/twitter-154-svgrepo-com-4.svg\" alt=\"Copy Link\">\n  <\/button>\n<\/div>\n\n<style>\n.custom-social-share {\n  display: flex;\n  gap: 0px;\n  align-items: center;\n}\n\n.custom-social-share .share-btn {\n  width: 44px;\n  height: 44px;\n  border-radius: 50%;\n  background: transparent;\n  display: flex;\n  align-items: center;\n  justify-content: center;\n  cursor: pointer;\n  border: none;\n  padding: 0;\n  transition: transform 0.2s ease;\n}\n\n.custom-social-share .share-btn img {\n  width: 35px;\n  height: 35px;\n  object-fit: contain;\n}\n\n\/* Subtle upward hover animation only *\/\n.custom-social-share .share-btn:hover {\n  transform: translateY(-3px);\n}\n<\/style>\n\n<script>\n(function () {\n  const currentUrl = encodeURIComponent(window.location.href);\n  const pageTitle = encodeURIComponent(document.title);\n\n  document.querySelectorAll('.share-btn[data-platform]').forEach(btn => {\n    btn.addEventListener('click', function (e) {\n      e.preventDefault();\n      let shareUrl = '';\n\n      switch (this.dataset.platform) {\n        case 'facebook':\n          shareUrl = `https:\/\/www.facebook.com\/sharer\/sharer.php?u=${currentUrl}`;\n          break;\n        case 'twitter':\n          shareUrl = `https:\/\/twitter.com\/intent\/tweet?url=${currentUrl}&text=${pageTitle}`;\n          break;\n        case 'email':\n          shareUrl = `mailto:?subject=${pageTitle}&body=${currentUrl}`;\n          break;\n      }\n\n      window.open(shareUrl, '_blank', 'width=600,height=500');\n    });\n  });\n\n  document.querySelector('.copy-link').addEventListener('click', function () {\n    navigator.clipboard.writeText(window.location.href).then(() => {\n      this.title = 'Copied!';\n      setTimeout(() => {\n        this.title = '';\n      }, 1500);\n    });\n  });\n})();\n<\/script>\n\t\t\t\t<\/div>\n\t\t\t\t<\/div>\n\t\t\t\t<\/div>\n\t\t\t\t<\/div>\n\t\t\t\t\t<\/div>\n\t\t\t\t<\/div>\n\t\t<div class=\"elementor-element elementor-element-723db809 e-flex e-con-boxed e-con e-parent\" data-id=\"723db809\" data-element_type=\"container\" data-e-type=\"container\">\n\t\t\t\t\t<div class=\"e-con-inner\">\n\t\t<div class=\"elementor-element elementor-element-21012d3a e-con-full e-flex e-con e-child\" data-id=\"21012d3a\" data-element_type=\"container\" data-e-type=\"container\">\n\t\t\t\t<div class=\"elementor-element elementor-element-4c8375eb elementor-widget elementor-widget-heading\" data-id=\"4c8375eb\" data-element_type=\"widget\" data-e-type=\"widget\" data-widget_type=\"heading.default\">\n\t\t\t\t\t<h2 class=\"elementor-heading-title elementor-size-default\">Yoga Retreats in Spain in March 2027<\/h2>\t\t\t\t<\/div>\n\t\t\t\t<div class=\"elementor-element elementor-element-273f803e elementor-widget elementor-widget-text-editor\" data-id=\"273f803e\" data-element_type=\"widget\" data-e-type=\"widget\" data-widget_type=\"text-editor.default\">\n\t\t\t\t\t\t\t\t\t<p>March in Spain marks the genuine transition from winter to spring\u2014a month when mainland temperatures climb into comfortable ranges while the Canary Islands maintain their reliable subtropical consistency.\u00a0<strong>This is when Spain\u2019s full geographic diversity becomes accessible<\/strong>, with nearly every region offering viable wellness retreat conditions, though you\u2019ll still encounter variable weather and spring\u2019s occasional mood swings.<\/p><p>The mainland awakens during March. Almond and cherry blossoms carpet Andalusia and the Mediterranean coast, wildflowers emerge across rural landscapes, and Spanish outdoor life resumes in earnest.\u00a0<strong>Temperatures reach that Goldilocks zone<\/strong>\u2014warm enough for comfortable outdoor yoga most days, cool enough to avoid summer\u2019s exhausting heat. The month feels optimistic rather than transitional, with lengthening days and warming trends creating natural energy for renewal-focused wellness programs.<\/p><p>What makes March particularly strategic is its position before Easter\u2019s variable timing.\u00a0<strong>If Easter falls in April (as it does some years), March captures perfect shoulder season conditions with minimal crowds.<\/strong>\u00a0If Easter arrives in late March, you\u2019ll encounter Spanish families traveling during Semana Santa (Holy Week) but also witness Spain\u2019s most elaborate cultural celebrations. Either way, March offers substantially better value than the approaching summer season while delivering increasingly pleasant weather.<\/p>\t\t\t\t\t\t\t\t<\/div>\n\t\t\t\t<\/div>\n\t\t\t\t\t<\/div>\n\t\t\t\t<\/div>\n\t\t<div class=\"elementor-element elementor-element-6e738293 e-con-full e-flex e-con e-child\" data-id=\"6e738293\" data-element_type=\"container\" data-e-type=\"container\">\n\t\t\t\t<div class=\"elementor-element elementor-element-139c0c3c elementor-grid-2 elementor-grid-tablet-2 elementor-grid-mobile-1 elementor-widget elementor-widget-loop-grid\" data-id=\"139c0c3c\" data-element_type=\"widget\" data-e-type=\"widget\" data-settings=\"{&quot;template_id&quot;:16929,&quot;columns&quot;:2,&quot;row_gap&quot;:{&quot;unit&quot;:&quot;px&quot;,&quot;size&quot;:10,&quot;sizes&quot;:[]},&quot;_skin&quot;:&quot;post&quot;,&quot;columns_tablet&quot;:&quot;2&quot;,&quot;columns_mobile&quot;:&quot;1&quot;,&quot;edit_handle_selector&quot;:&quot;[data-elementor-type=\\&quot;loop-item\\&quot;]&quot;,&quot;row_gap_tablet&quot;:{&quot;unit&quot;:&quot;px&quot;,&quot;size&quot;:&quot;&quot;,&quot;sizes&quot;:[]},&quot;row_gap_mobile&quot;:{&quot;unit&quot;:&quot;px&quot;,&quot;size&quot;:&quot;&quot;,&quot;sizes&quot;:[]}}\" data-widget_type=\"loop-grid.post\">\n\t\t\t\t<div class=\"elementor-widget-container\">\n\t\t\t\t\t\t\t<div class=\"elementor-loop-container elementor-grid\" role=\"list\">\n\t\t<style id=\"loop-16929\">.elementor-16929 .elementor-element.elementor-element-5411d48{--display:flex;--flex-direction:column;--container-widget-width:100%;--container-widget-height:initial;--container-widget-flex-grow:0;--container-widget-align-self:initial;--flex-wrap-mobile:wrap;--justify-content:space-between;--gap:10px 10px;--row-gap:10px;--column-gap:10px;--padding-top:10px;--padding-bottom:10px;--padding-left:10px;--padding-right:10px;}.elementor-16929 .elementor-element.elementor-element-3ac80d3{--display:flex;--justify-content:flex-start;--padding-top:0px;--padding-bottom:0px;--padding-left:0px;--padding-right:0px;}.elementor-widget-theme-post-featured-image .widget-image-caption{color:var( --e-global-color-text );font-family:var( --e-global-typography-text-font-family ), Sans-serif;font-weight:var( --e-global-typography-text-font-weight );}.elementor-16929 .elementor-element.elementor-element-cce7c22 img{width:100%;max-width:100%;height:640px;object-fit:cover;object-position:center center;}.elementor-widget-heading .elementor-heading-title{font-family:var( --e-global-typography-primary-font-family ), Sans-serif;font-weight:var( --e-global-typography-primary-font-weight );color:var( --e-global-color-primary );}.elementor-16929 .elementor-element.elementor-element-8175c0e .elementor-heading-title{font-family:\"Cardo\", Sans-serif;font-size:24px;font-weight:500;line-height:1.3em;color:#9C8264;}.elementor-16929 .elementor-element.elementor-element-745eea6{--display:flex;--padding-top:0px;--padding-bottom:0px;--padding-left:0px;--padding-right:0px;}.elementor-widget-button .elementor-button{font-family:var( --e-global-typography-accent-font-family ), Sans-serif;font-weight:var( --e-global-typography-accent-font-weight );background-color:var( --e-global-color-accent );}.elementor-16929 .elementor-element.elementor-element-2e29b40 .elementor-button{font-family:\"Cardo\", Sans-serif;font-weight:500;fill:#FFFFFF;color:#FFFFFF;background-color:#9C8264;transition-duration:0.3s;border-style:solid;border-width:2px 2px 2px 2px;border-color:#9C8264;border-radius:0px 0px 0px 0px;padding:14px 20px 14px 20px;}.elementor-16929 .elementor-element.elementor-element-2e29b40 .elementor-button:hover, .elementor-16929 .elementor-element.elementor-element-2e29b40 .elementor-button:focus{color:#9C8264;background-color:#02010100;border-color:#9C8264;}.elementor-16929 .elementor-element.elementor-element-2e29b40 .elementor-button:hover svg, .elementor-16929 .elementor-element.elementor-element-2e29b40 .elementor-button:focus svg{fill:#9C8264;}@media(max-width:1024px){.elementor-16929 .elementor-element.elementor-element-cce7c22 img{height:400px;}.elementor-16929 .elementor-element.elementor-element-745eea6{--padding-top:10px;--padding-bottom:0px;--padding-left:0px;--padding-right:0px;}}@media(max-width:767px){.elementor-16929 .elementor-element.elementor-element-5411d48{--justify-content:flex-start;}.elementor-16929 .elementor-element.elementor-element-745eea6{--justify-content:flex-start;}}<\/style>\t\t<div data-elementor-type=\"loop-item\" data-elementor-id=\"16929\" class=\"elementor elementor-16929 e-loop-item e-loop-item-12353 post-12353 retreat type-retreat status-publish has-post-thumbnail hentry location-spain\" data-elementor-post-type=\"elementor_library\" data-custom-edit-handle=\"1\">\n\t\t\t<div class=\"elementor-element elementor-element-5411d48 e-flex e-con-boxed e-con e-parent\" data-id=\"5411d48\" data-element_type=\"container\" data-e-type=\"container\">\n\t\t\t\t\t<div class=\"e-con-inner\">\n\t\t<div class=\"elementor-element elementor-element-3ac80d3 e-con-full e-flex e-con e-child\" data-id=\"3ac80d3\" data-element_type=\"container\" data-e-type=\"container\">\n\t\t\t\t<div class=\"elementor-element elementor-element-cce7c22 elementor-widget elementor-widget-theme-post-featured-image elementor-widget-image\" data-id=\"cce7c22\" data-element_type=\"widget\" data-e-type=\"widget\" data-widget_type=\"theme-post-featured-image.default\">\n\t\t\t\t\t\t\t\t\t\t\t\t\t\t\t<img decoding=\"async\" width=\"653\" height=\"490\" src=\"https:\/\/om-away.com\/wp-content\/uploads\/2026\/01\/8-day-private-individual-yoga-holiday-in-ibiza-spain-5.webp\" class=\"attachment-full size-full wp-image-17762\" alt=\"\" srcset=\"https:\/\/om-away.com\/wp-content\/uploads\/2026\/01\/8-day-private-individual-yoga-holiday-in-ibiza-spain-5.webp 653w, https:\/\/om-away.com\/wp-content\/uploads\/2026\/01\/8-day-private-individual-yoga-holiday-in-ibiza-spain-5-300x225.webp 300w, https:\/\/om-away.com\/wp-content\/uploads\/2026\/01\/8-day-private-individual-yoga-holiday-in-ibiza-spain-5-16x12.webp 16w\" sizes=\"(max-width: 653px) 100vw, 653px\" \/>\t\t\t\t\t\t\t\t\t\t\t\t\t\t\t<\/div>\n\t\t\t\t<div class=\"elementor-element elementor-element-8175c0e elementor-widget elementor-widget-heading\" data-id=\"8175c0e\" data-element_type=\"widget\" data-e-type=\"widget\" data-widget_type=\"heading.default\">\n\t\t\t\t\t<h2 class=\"elementor-heading-title elementor-size-default\">8 Day Private Individual Yoga Holiday in Ibiza, Spain<\/h2>\t\t\t\t<\/div>\n\t\t\t\t<\/div>\n\t\t<div class=\"elementor-element elementor-element-745eea6 e-con-full e-flex e-con e-child\" data-id=\"745eea6\" data-element_type=\"container\" data-e-type=\"container\">\n\t\t\t\t<div class=\"elementor-element elementor-element-2e29b40 elementor-widget elementor-widget-button\" data-id=\"2e29b40\" data-element_type=\"widget\" data-e-type=\"widget\" data-widget_type=\"button.default\">\n\t\t\t\t\t\t\t\t\t\t<a class=\"elementor-button elementor-button-link elementor-size-sm\" href=\"https:\/\/om-away.com\/de\/retreat\/8-day-private-individual-yoga-holiday-in-ibiza-spain\/\">\n\t\t\t\t\t\t<span class=\"elementor-button-content-wrapper\">\n\t\t\t\t\t\t\t\t\t<span class=\"elementor-button-text\">Learn More<\/span>\n\t\t\t\t\t<\/span>\n\t\t\t\t\t<\/a>\n\t\t\t\t\t\t\t\t<\/div>\n\t\t\t\t<\/div>\n\t\t\t\t\t<\/div>\n\t\t\t\t<\/div>\n\t\t\t\t<\/div>\n\t\t\t\t<div data-elementor-type=\"loop-item\" data-elementor-id=\"16929\" class=\"elementor elementor-16929 e-loop-item e-loop-item-12354 post-12354 retreat type-retreat status-publish has-post-thumbnail hentry location-spain\" data-elementor-post-type=\"elementor_library\" data-custom-edit-handle=\"1\">\n\t\t\t<div class=\"elementor-element elementor-element-5411d48 e-flex e-con-boxed e-con e-parent\" data-id=\"5411d48\" data-element_type=\"container\" data-e-type=\"container\">\n\t\t\t\t\t<div class=\"e-con-inner\">\n\t\t<div class=\"elementor-element elementor-element-3ac80d3 e-con-full e-flex e-con e-child\" data-id=\"3ac80d3\" data-element_type=\"container\" data-e-type=\"container\">\n\t\t\t\t<div class=\"elementor-element elementor-element-cce7c22 elementor-widget elementor-widget-theme-post-featured-image elementor-widget-image\" data-id=\"cce7c22\" data-element_type=\"widget\" data-e-type=\"widget\" data-widget_type=\"theme-post-featured-image.default\">\n\t\t\t\t\t\t\t\t\t\t\t\t\t\t\t<img decoding=\"async\" width=\"653\" height=\"490\" src=\"https:\/\/om-away.com\/wp-content\/uploads\/2026\/01\/5-day-private-reconnect-couples-retreat-in-benalmadena-province-of-malaga-spain-9.webp\" class=\"attachment-full size-full wp-image-17793\" alt=\"\" srcset=\"https:\/\/om-away.com\/wp-content\/uploads\/2026\/01\/5-day-private-reconnect-couples-retreat-in-benalmadena-province-of-malaga-spain-9.webp 653w, https:\/\/om-away.com\/wp-content\/uploads\/2026\/01\/5-day-private-reconnect-couples-retreat-in-benalmadena-province-of-malaga-spain-9-300x225.webp 300w, https:\/\/om-away.com\/wp-content\/uploads\/2026\/01\/5-day-private-reconnect-couples-retreat-in-benalmadena-province-of-malaga-spain-9-16x12.webp 16w\" sizes=\"(max-width: 653px) 100vw, 653px\" \/>\t\t\t\t\t\t\t\t\t\t\t\t\t\t\t<\/div>\n\t\t\t\t<div class=\"elementor-element elementor-element-8175c0e elementor-widget elementor-widget-heading\" data-id=\"8175c0e\" data-element_type=\"widget\" data-e-type=\"widget\" data-widget_type=\"heading.default\">\n\t\t\t\t\t<h2 class=\"elementor-heading-title elementor-size-default\">5 Day Private Reconnect Couples Retreat in Benalm\u00e1dena, Province of M\u00e1laga, Spain<\/h2>\t\t\t\t<\/div>\n\t\t\t\t<\/div>\n\t\t<div class=\"elementor-element elementor-element-745eea6 e-con-full e-flex e-con e-child\" data-id=\"745eea6\" data-element_type=\"container\" data-e-type=\"container\">\n\t\t\t\t<div class=\"elementor-element elementor-element-2e29b40 elementor-widget elementor-widget-button\" data-id=\"2e29b40\" data-element_type=\"widget\" data-e-type=\"widget\" data-widget_type=\"button.default\">\n\t\t\t\t\t\t\t\t\t\t<a class=\"elementor-button elementor-button-link elementor-size-sm\" href=\"https:\/\/om-away.com\/de\/retreat\/5-day-private-reconnect-couples-retreat-in-benalmadena-province-of-malaga-spain\/\">\n\t\t\t\t\t\t<span class=\"elementor-button-content-wrapper\">\n\t\t\t\t\t\t\t\t\t<span class=\"elementor-button-text\">Learn More<\/span>\n\t\t\t\t\t<\/span>\n\t\t\t\t\t<\/a>\n\t\t\t\t\t\t\t\t<\/div>\n\t\t\t\t<\/div>\n\t\t\t\t\t<\/div>\n\t\t\t\t<\/div>\n\t\t\t\t<\/div>\n\t\t\t\t<div data-elementor-type=\"loop-item\" data-elementor-id=\"16929\" class=\"elementor elementor-16929 e-loop-item e-loop-item-12355 post-12355 retreat type-retreat status-publish has-post-thumbnail hentry location-spain\" data-elementor-post-type=\"elementor_library\" data-custom-edit-handle=\"1\">\n\t\t\t<div class=\"elementor-element elementor-element-5411d48 e-flex e-con-boxed e-con e-parent\" data-id=\"5411d48\" data-element_type=\"container\" data-e-type=\"container\">\n\t\t\t\t\t<div class=\"e-con-inner\">\n\t\t<div class=\"elementor-element elementor-element-3ac80d3 e-con-full e-flex e-con e-child\" data-id=\"3ac80d3\" data-element_type=\"container\" data-e-type=\"container\">\n\t\t\t\t<div class=\"elementor-element elementor-element-cce7c22 elementor-widget elementor-widget-theme-post-featured-image elementor-widget-image\" data-id=\"cce7c22\" data-element_type=\"widget\" data-e-type=\"widget\" data-widget_type=\"theme-post-featured-image.default\">\n\t\t\t\t\t\t\t\t\t\t\t\t\t\t\t<img loading=\"lazy\" decoding=\"async\" width=\"653\" height=\"490\" src=\"https:\/\/om-away.com\/wp-content\/uploads\/2026\/01\/8-day-yoga-and-hiking-in-the-heart-of-tramuntana-spain-1.webp\" class=\"attachment-full size-full wp-image-17837\" alt=\"\" srcset=\"https:\/\/om-away.com\/wp-content\/uploads\/2026\/01\/8-day-yoga-and-hiking-in-the-heart-of-tramuntana-spain-1.webp 653w, https:\/\/om-away.com\/wp-content\/uploads\/2026\/01\/8-day-yoga-and-hiking-in-the-heart-of-tramuntana-spain-1-300x225.webp 300w, https:\/\/om-away.com\/wp-content\/uploads\/2026\/01\/8-day-yoga-and-hiking-in-the-heart-of-tramuntana-spain-1-16x12.webp 16w\" sizes=\"(max-width: 653px) 100vw, 653px\" \/>\t\t\t\t\t\t\t\t\t\t\t\t\t\t\t<\/div>\n\t\t\t\t<div class=\"elementor-element elementor-element-8175c0e elementor-widget elementor-widget-heading\" data-id=\"8175c0e\" data-element_type=\"widget\" data-e-type=\"widget\" data-widget_type=\"heading.default\">\n\t\t\t\t\t<h2 class=\"elementor-heading-title elementor-size-default\">8 Day Yoga and Hiking in the Heart of Tramuntana, Spain<\/h2>\t\t\t\t<\/div>\n\t\t\t\t<\/div>\n\t\t<div class=\"elementor-element elementor-element-745eea6 e-con-full e-flex e-con e-child\" data-id=\"745eea6\" data-element_type=\"container\" data-e-type=\"container\">\n\t\t\t\t<div class=\"elementor-element elementor-element-2e29b40 elementor-widget elementor-widget-button\" data-id=\"2e29b40\" data-element_type=\"widget\" data-e-type=\"widget\" data-widget_type=\"button.default\">\n\t\t\t\t\t\t\t\t\t\t<a class=\"elementor-button elementor-button-link elementor-size-sm\" href=\"https:\/\/om-away.com\/de\/retreat\/8-day-yoga-and-hiking-in-the-heart-of-tramuntana-spain\/\">\n\t\t\t\t\t\t<span class=\"elementor-button-content-wrapper\">\n\t\t\t\t\t\t\t\t\t<span class=\"elementor-button-text\">Learn More<\/span>\n\t\t\t\t\t<\/span>\n\t\t\t\t\t<\/a>\n\t\t\t\t\t\t\t\t<\/div>\n\t\t\t\t<\/div>\n\t\t\t\t\t<\/div>\n\t\t\t\t<\/div>\n\t\t\t\t<\/div>\n\t\t\t\t<div data-elementor-type=\"loop-item\" data-elementor-id=\"16929\" class=\"elementor elementor-16929 e-loop-item e-loop-item-12356 post-12356 retreat type-retreat status-publish has-post-thumbnail hentry location-spain\" data-elementor-post-type=\"elementor_library\" data-custom-edit-handle=\"1\">\n\t\t\t<div class=\"elementor-element elementor-element-5411d48 e-flex e-con-boxed e-con e-parent\" data-id=\"5411d48\" data-element_type=\"container\" data-e-type=\"container\">\n\t\t\t\t\t<div class=\"e-con-inner\">\n\t\t<div class=\"elementor-element elementor-element-3ac80d3 e-con-full e-flex e-con e-child\" data-id=\"3ac80d3\" data-element_type=\"container\" data-e-type=\"container\">\n\t\t\t\t<div class=\"elementor-element elementor-element-cce7c22 elementor-widget elementor-widget-theme-post-featured-image elementor-widget-image\" data-id=\"cce7c22\" data-element_type=\"widget\" data-e-type=\"widget\" data-widget_type=\"theme-post-featured-image.default\">\n\t\t\t\t\t\t\t\t\t\t\t\t\t\t\t<img loading=\"lazy\" decoding=\"async\" width=\"653\" height=\"490\" src=\"https:\/\/om-away.com\/wp-content\/uploads\/2026\/01\/fuerteventura-yoga-wellness-escape-7-day-of-movement-mindfulness-magic-in-spain-1.webp\" class=\"attachment-full size-full wp-image-17862\" alt=\"\" srcset=\"https:\/\/om-away.com\/wp-content\/uploads\/2026\/01\/fuerteventura-yoga-wellness-escape-7-day-of-movement-mindfulness-magic-in-spain-1.webp 653w, https:\/\/om-away.com\/wp-content\/uploads\/2026\/01\/fuerteventura-yoga-wellness-escape-7-day-of-movement-mindfulness-magic-in-spain-1-300x225.webp 300w, https:\/\/om-away.com\/wp-content\/uploads\/2026\/01\/fuerteventura-yoga-wellness-escape-7-day-of-movement-mindfulness-magic-in-spain-1-16x12.webp 16w\" sizes=\"(max-width: 653px) 100vw, 653px\" \/>\t\t\t\t\t\t\t\t\t\t\t\t\t\t\t<\/div>\n\t\t\t\t<div class=\"elementor-element elementor-element-8175c0e elementor-widget elementor-widget-heading\" data-id=\"8175c0e\" data-element_type=\"widget\" data-e-type=\"widget\" data-widget_type=\"heading.default\">\n\t\t\t\t\t<h2 class=\"elementor-heading-title elementor-size-default\">6 Day Mediterranean Beach Yoga Holiday in Valencia, Spain<\/h2>\t\t\t\t<\/div>\n\t\t\t\t<\/div>\n\t\t<div class=\"elementor-element elementor-element-745eea6 e-con-full e-flex e-con e-child\" data-id=\"745eea6\" data-element_type=\"container\" data-e-type=\"container\">\n\t\t\t\t<div class=\"elementor-element elementor-element-2e29b40 elementor-widget elementor-widget-button\" data-id=\"2e29b40\" data-element_type=\"widget\" data-e-type=\"widget\" data-widget_type=\"button.default\">\n\t\t\t\t\t\t\t\t\t\t<a class=\"elementor-button elementor-button-link elementor-size-sm\" href=\"https:\/\/om-away.com\/de\/retreat\/fuerteventura-yoga-wellness-escape-7-day-of-movement-mindfulness-magic-in-spain\/\">\n\t\t\t\t\t\t<span class=\"elementor-button-content-wrapper\">\n\t\t\t\t\t\t\t\t\t<span class=\"elementor-button-text\">Learn More<\/span>\n\t\t\t\t\t<\/span>\n\t\t\t\t\t<\/a>\n\t\t\t\t\t\t\t\t<\/div>\n\t\t\t\t<\/div>\n\t\t\t\t\t<\/div>\n\t\t\t\t<\/div>\n\t\t\t\t<\/div>\n\t\t\t\t<div data-elementor-type=\"loop-item\" data-elementor-id=\"16929\" class=\"elementor elementor-16929 e-loop-item e-loop-item-12357 post-12357 retreat type-retreat status-publish has-post-thumbnail hentry location-spain\" data-elementor-post-type=\"elementor_library\" data-custom-edit-handle=\"1\">\n\t\t\t<div class=\"elementor-element elementor-element-5411d48 e-flex e-con-boxed e-con e-parent\" data-id=\"5411d48\" data-element_type=\"container\" data-e-type=\"container\">\n\t\t\t\t\t<div class=\"e-con-inner\">\n\t\t<div class=\"elementor-element elementor-element-3ac80d3 e-con-full e-flex e-con e-child\" data-id=\"3ac80d3\" data-element_type=\"container\" data-e-type=\"container\">\n\t\t\t\t<div class=\"elementor-element elementor-element-cce7c22 elementor-widget elementor-widget-theme-post-featured-image elementor-widget-image\" data-id=\"cce7c22\" data-element_type=\"widget\" data-e-type=\"widget\" data-widget_type=\"theme-post-featured-image.default\">\n\t\t\t\t\t\t\t\t\t\t\t\t\t\t\t<img loading=\"lazy\" decoding=\"async\" width=\"653\" height=\"490\" src=\"https:\/\/om-away.com\/wp-content\/uploads\/2026\/01\/4-day-chakra-bliss-yoga-retreat-with-hike-to-waterfalls-and-good-food-near-barcelona-spain-1.webp\" class=\"attachment-full size-full wp-image-17943\" alt=\"\" srcset=\"https:\/\/om-away.com\/wp-content\/uploads\/2026\/01\/4-day-chakra-bliss-yoga-retreat-with-hike-to-waterfalls-and-good-food-near-barcelona-spain-1.webp 653w, https:\/\/om-away.com\/wp-content\/uploads\/2026\/01\/4-day-chakra-bliss-yoga-retreat-with-hike-to-waterfalls-and-good-food-near-barcelona-spain-1-300x225.webp 300w, https:\/\/om-away.com\/wp-content\/uploads\/2026\/01\/4-day-chakra-bliss-yoga-retreat-with-hike-to-waterfalls-and-good-food-near-barcelona-spain-1-16x12.webp 16w\" sizes=\"(max-width: 653px) 100vw, 653px\" \/>\t\t\t\t\t\t\t\t\t\t\t\t\t\t\t<\/div>\n\t\t\t\t<div class=\"elementor-element elementor-element-8175c0e elementor-widget elementor-widget-heading\" data-id=\"8175c0e\" data-element_type=\"widget\" data-e-type=\"widget\" data-widget_type=\"heading.default\">\n\t\t\t\t\t<h2 class=\"elementor-heading-title elementor-size-default\">4 Day Chakra Bliss Yoga Retreat with Hike to Waterfalls and Good Food near Barcelona, Spain<\/h2>\t\t\t\t<\/div>\n\t\t\t\t<\/div>\n\t\t<div class=\"elementor-element elementor-element-745eea6 e-con-full e-flex e-con e-child\" data-id=\"745eea6\" data-element_type=\"container\" data-e-type=\"container\">\n\t\t\t\t<div class=\"elementor-element elementor-element-2e29b40 elementor-widget elementor-widget-button\" data-id=\"2e29b40\" data-element_type=\"widget\" data-e-type=\"widget\" data-widget_type=\"button.default\">\n\t\t\t\t\t\t\t\t\t\t<a class=\"elementor-button elementor-button-link elementor-size-sm\" href=\"https:\/\/om-away.com\/de\/retreat\/4-day-chakra-bliss-yoga-retreat-with-hike-to-waterfalls-and-good-food-near-barcelona-spain\/\">\n\t\t\t\t\t\t<span class=\"elementor-button-content-wrapper\">\n\t\t\t\t\t\t\t\t\t<span class=\"elementor-button-text\">Learn More<\/span>\n\t\t\t\t\t<\/span>\n\t\t\t\t\t<\/a>\n\t\t\t\t\t\t\t\t<\/div>\n\t\t\t\t<\/div>\n\t\t\t\t\t<\/div>\n\t\t\t\t<\/div>\n\t\t\t\t<\/div>\n\t\t\t\t<div data-elementor-type=\"loop-item\" data-elementor-id=\"16929\" class=\"elementor elementor-16929 e-loop-item e-loop-item-12334 post-12334 retreat type-retreat status-publish hentry location-spain\" data-elementor-post-type=\"elementor_library\" data-custom-edit-handle=\"1\">\n\t\t\t<div class=\"elementor-element elementor-element-5411d48 e-flex e-con-boxed e-con e-parent\" data-id=\"5411d48\" data-element_type=\"container\" data-e-type=\"container\">\n\t\t\t\t\t<div class=\"e-con-inner\">\n\t\t<div class=\"elementor-element elementor-element-3ac80d3 e-con-full e-flex e-con e-child\" data-id=\"3ac80d3\" data-element_type=\"container\" data-e-type=\"container\">\n\t\t\t\t<div class=\"elementor-element elementor-element-cce7c22 elementor-widget elementor-widget-theme-post-featured-image elementor-widget-image\" data-id=\"cce7c22\" data-element_type=\"widget\" data-e-type=\"widget\" data-widget_type=\"theme-post-featured-image.default\">\n\t\t\t\t\t\t\t\t\t\t\t\t\t\t\t<img loading=\"lazy\" decoding=\"async\" width=\"1701\" height=\"2560\" src=\"https:\/\/om-away.com\/wp-content\/uploads\/2026\/01\/jack-ward-rknrvCrfS1k-unsplash-scaled.jpg\" class=\"attachment-full size-full wp-image-19787\" alt=\"mindfulness nature\" srcset=\"https:\/\/om-away.com\/wp-content\/uploads\/2026\/01\/jack-ward-rknrvCrfS1k-unsplash-scaled.jpg 1701w, https:\/\/om-away.com\/wp-content\/uploads\/2026\/01\/jack-ward-rknrvCrfS1k-unsplash-199x300.jpg 199w, https:\/\/om-away.com\/wp-content\/uploads\/2026\/01\/jack-ward-rknrvCrfS1k-unsplash-680x1024.jpg 680w, https:\/\/om-away.com\/wp-content\/uploads\/2026\/01\/jack-ward-rknrvCrfS1k-unsplash-768x1156.jpg 768w, https:\/\/om-away.com\/wp-content\/uploads\/2026\/01\/jack-ward-rknrvCrfS1k-unsplash-1020x1536.jpg 1020w, https:\/\/om-away.com\/wp-content\/uploads\/2026\/01\/jack-ward-rknrvCrfS1k-unsplash-1360x2048.jpg 1360w, https:\/\/om-away.com\/wp-content\/uploads\/2026\/01\/jack-ward-rknrvCrfS1k-unsplash-8x12.jpg 8w\" sizes=\"(max-width: 1701px) 100vw, 1701px\" \/>\t\t\t\t\t\t\t\t\t\t\t\t\t\t\t<\/div>\n\t\t\t\t<div class=\"elementor-element elementor-element-8175c0e elementor-widget elementor-widget-heading\" data-id=\"8175c0e\" data-element_type=\"widget\" data-e-type=\"widget\" data-widget_type=\"heading.default\">\n\t\t\t\t\t<h2 class=\"elementor-heading-title elementor-size-default\">Vegan Yoga retreat, Alicante, Spain<\/h2>\t\t\t\t<\/div>\n\t\t\t\t<\/div>\n\t\t<div class=\"elementor-element elementor-element-745eea6 e-con-full e-flex e-con e-child\" data-id=\"745eea6\" data-element_type=\"container\" data-e-type=\"container\">\n\t\t\t\t<div class=\"elementor-element elementor-element-2e29b40 elementor-widget elementor-widget-button\" data-id=\"2e29b40\" data-element_type=\"widget\" data-e-type=\"widget\" data-widget_type=\"button.default\">\n\t\t\t\t\t\t\t\t\t\t<a class=\"elementor-button elementor-button-link elementor-size-sm\" href=\"https:\/\/om-away.com\/de\/retreat\/vegan-yoga-retreat-alicante-spain\/\">\n\t\t\t\t\t\t<span class=\"elementor-button-content-wrapper\">\n\t\t\t\t\t\t\t\t\t<span class=\"elementor-button-text\">Learn More<\/span>\n\t\t\t\t\t<\/span>\n\t\t\t\t\t<\/a>\n\t\t\t\t\t\t\t\t<\/div>\n\t\t\t\t<\/div>\n\t\t\t\t\t<\/div>\n\t\t\t\t<\/div>\n\t\t\t\t<\/div>\n\t\t\t\t<\/div>\n\t\t\n\t\t\t\t\t\t<\/div>\n\t\t\t\t<\/div>\n\t\t\t\t<\/div>\n\t\t<div class=\"elementor-element elementor-element-45ec175d e-flex e-con-boxed e-con e-parent\" data-id=\"45ec175d\" data-element_type=\"container\" data-e-type=\"container\">\n\t\t\t\t\t<div class=\"e-con-inner\">\n\t\t<div class=\"elementor-element elementor-element-652cca72 e-con-full e-flex e-con e-child\" data-id=\"652cca72\" data-element_type=\"container\" data-e-type=\"container\">\n\t\t\t\t<div class=\"elementor-element elementor-element-79051eec elementor-widget elementor-widget-heading\" data-id=\"79051eec\" data-element_type=\"widget\" data-e-type=\"widget\" data-widget_type=\"heading.default\">\n\t\t\t\t\t<h2 class=\"elementor-heading-title elementor-size-default\">Regional Breakdown: Where to Go in March\n<\/h2>\t\t\t\t<\/div>\n\t\t\t\t<div class=\"elementor-element elementor-element-5f1eabd elementor-widget elementor-widget-text-editor\" data-id=\"5f1eabd\" data-element_type=\"widget\" data-e-type=\"widget\" data-widget_type=\"text-editor.default\">\n\t\t\t\t\t\t\t\t\t<p><strong>Canary Islands: Consistent Excellence Continues<br \/><\/strong>The Canaries in March maintain their year-round advantage, though with slight warming\u2014<strong>temperatures reach 19-24\u00b0C with increasing sunshine hours<\/strong>\u00a0(8-9 hours daily). This is peak outdoor yoga weather without the intense heat that arrives later. Ocean temperatures climb to 19-20\u00b0C, making swimming genuinely pleasant rather than merely tolerable.<br \/>Tenerife\u2019s wellness infrastructure operates at full capacity with comfortable booking levels. Lanzarote\u2019s volcanic landscapes gain particular appeal as European visitors increase but before summer crowds arrive. Gran Canaria\u2019s microclimates allow perfect conditions regardless of occasional cloudy spells. Fuerteventura sees wind sports enthusiasts arriving, creating livelier atmosphere while maintaining space and accessibility.<br \/>March brings wild flower blooms even to the islands\u2019 arid landscapes, and agricultural seasons provide maximum fresh produce variety.\u00a0<strong>This is arguably the Canaries\u2019 most perfect month<\/strong>\u2014warm but not hot, sunny but not intense, active but not crowded.<br \/><strong>Andalusia: Spring Awakening<\/strong><br \/>Andalusia in March transforms completely.\u00a0<strong>Temperatures range from 15-22\u00b0C\u2014genuinely pleasant for all-day outdoor activities<\/strong>. The countryside explodes with wildflowers and blossoms, historic cities become comfortable for exploration, and coastal areas warm enough for beachside practice without requiring heated spaces as backup.<br \/>Granada sees the Sierra Nevada mountains still snow-capped while the city below enjoys spring warmth\u2014you can theoretically ski in the morning and practice yoga in shirtsleeves by afternoon. Seville\u2019s legendary April Fair doesn\u2019t start until late April, so March offers the city\u2019s beauty without overwhelming festival crowds. M\u00e1laga emerges as an exceptional choice with 19-20\u00b0C averages, urban sophistication, and easy beach access.<br \/>The Costa del Sol lives up to its name reliably by March, with resort towns operating fully but comfortably.\u00a0<strong>Rural Andalusia\u2014whitewashed villages, olive groves, mountain retreats\u2014becomes idyllic<\/strong>\u00a0with perfect hiking temperatures and stunning spring landscapes. The region\u2019s historic hammams and thermal baths provide warm refuge during cooler mornings.<\/p>\t\t\t\t\t\t\t\t<\/div>\n\t\t\t\t<\/div>\n\t\t<div class=\"elementor-element elementor-element-e3a027a e-con-full e-flex e-con e-child\" data-id=\"e3a027a\" data-element_type=\"container\" data-e-type=\"container\">\n\t\t\t\t<div class=\"elementor-element elementor-element-7138a0da elementor-widget elementor-widget-image\" data-id=\"7138a0da\" data-element_type=\"widget\" data-e-type=\"widget\" data-widget_type=\"image.default\">\n\t\t\t\t\t\t\t\t\t\t\t\t\t\t\t<img loading=\"lazy\" decoding=\"async\" width=\"2560\" height=\"1707\" src=\"https:\/\/om-away.com\/wp-content\/uploads\/2026\/01\/susan-flynn-cHOkA_U_CPM-unsplash-scaled.jpg\" class=\"attachment-full size-full wp-image-22248\" alt=\"Colorful yellow and white coastal houses overlooking the ocean in a sunny seaside village\" srcset=\"https:\/\/om-away.com\/wp-content\/uploads\/2026\/01\/susan-flynn-cHOkA_U_CPM-unsplash-scaled.jpg 2560w, https:\/\/om-away.com\/wp-content\/uploads\/2026\/01\/susan-flynn-cHOkA_U_CPM-unsplash-300x200.jpg 300w, https:\/\/om-away.com\/wp-content\/uploads\/2026\/01\/susan-flynn-cHOkA_U_CPM-unsplash-1024x683.jpg 1024w, https:\/\/om-away.com\/wp-content\/uploads\/2026\/01\/susan-flynn-cHOkA_U_CPM-unsplash-768x512.jpg 768w, https:\/\/om-away.com\/wp-content\/uploads\/2026\/01\/susan-flynn-cHOkA_U_CPM-unsplash-1536x1024.jpg 1536w, https:\/\/om-away.com\/wp-content\/uploads\/2026\/01\/susan-flynn-cHOkA_U_CPM-unsplash-2048x1365.jpg 2048w, https:\/\/om-away.com\/wp-content\/uploads\/2026\/01\/susan-flynn-cHOkA_U_CPM-unsplash-18x12.jpg 18w\" sizes=\"(max-width: 2560px) 100vw, 2560px\" \/>\t\t\t\t\t\t\t\t\t\t\t\t\t\t\t<\/div>\n\t\t\t\t<div class=\"elementor-element elementor-element-242956b4 elementor-widget elementor-widget-text-editor\" data-id=\"242956b4\" data-element_type=\"widget\" data-e-type=\"widget\" data-widget_type=\"text-editor.default\">\n\t\t\t\t\t\t\t\t\t<p><strong>Barcelona and Catalonia: Awakening Urban Energy<\/strong><br \/>Barcelona in March shifts from winter quiet to spring vitality. Temperatures reach 12-18\u00b0C\u2014cool but increasingly comfortable, with sunny days outnumbering rainy ones.\u00a0<strong>Outdoor caf\u00e9 culture resumes, rooftop yoga becomes genuinely pleasant<\/strong>, and the city\u2019s parks (Ciutadella, Montju\u00efc) transform into viable outdoor practice spaces.<br \/>The Costa Brava awakens from winter dormancy, with coastal towns reopening and hiking trails becoming accessible. Medieval villages host small wellness retreats in renovated historic buildings. The region\u2019s thermal spa tradition\u2014particularly around Caldes\u2014offers outdoor thermal pools that become comfortable in March\u2019s warming temperatures.<br \/>Gaud\u00ed\u2019s masterpieces gain appeal as weather improves without summer\u2019s overwhelming crowds. The Sagrada Fam\u00edlia, Park G\u00fcell, and Casa Batll\u00f3 become contemplative experiences rather than endurance tests.<br \/><strong>Valencia and Mediterranean Coast<\/strong><br \/>Valencia in March becomes one of Spain\u2019s wellness sweet spots.\u00a0<strong>Las Fallas festival (March 15-19) brings explosive celebration<\/strong>\u2014enormous satirical sculptures, fireworks, street parties, traditional costumes. Some retreats embrace this cultural immersion; others schedule around it for peace.<br \/>The city\u2019s beaches become usable for walking and meditation though not yet swimming weather. The Albufera lagoon south of Valencia offers serene natural settings. The Mediterranean coast\u2019s smaller towns\u2014Alicante, Denia, J\u00e1vea\u2014provide quieter alternatives with improving weather (16-20\u00b0C) and authentic Spanish character.<br \/><strong>Northern Spain: Emerging from Winter<\/strong><br \/>Northern Spain in March transitions from proper winter to early spring. The Basque Country, Cantabria, and Galicia see temperatures of 12-16\u00b0C with decreasing rainfall.\u00a0<strong>This timing suits those seeking Spain\u2019s thermal spa culture<\/strong>\u00a0in mountain settings, Celtic heritage in Galicia, or Basque culinary excellence.<br \/>The Camino de Santiago becomes increasingly popular as pilgrim season begins. Some wellness retreats incorporate Camino sections or locate near the pilgrimage route, offering contemplative walking combined with traditional spa culture.<\/p>\t\t\t\t\t\t\t\t<\/div>\n\t\t\t\t<\/div>\n\t\t\t\t\t<\/div>\n\t\t\t\t<\/div>\n\t\t<div class=\"elementor-element elementor-element-4f15060d e-flex e-con-boxed e-con e-parent\" data-id=\"4f15060d\" data-element_type=\"container\" data-e-type=\"container\">\n\t\t\t\t\t<div class=\"e-con-inner\">\n\t\t<div class=\"elementor-element elementor-element-3098a5d2 e-con-full e-flex e-con e-child\" data-id=\"3098a5d2\" data-element_type=\"container\" data-e-type=\"container\">\n\t\t<div class=\"elementor-element elementor-element-2c4d933a e-con-full e-flex e-con e-child\" data-id=\"2c4d933a\" data-element_type=\"container\" data-e-type=\"container\">\n\t\t\t\t<div class=\"elementor-element elementor-element-a82ad5c elementor-widget elementor-widget-heading\" data-id=\"a82ad5c\" data-element_type=\"widget\" data-e-type=\"widget\" data-widget_type=\"heading.default\">\n\t\t\t\t\t<h2 class=\"elementor-heading-title elementor-size-default\">Crowds, Pricing, and Practical Realities\n<\/h2>\t\t\t\t<\/div>\n\t\t\t\t<div class=\"elementor-element elementor-element-16dc264f elementor-widget elementor-widget-text-editor\" data-id=\"16dc264f\" data-element_type=\"widget\" data-e-type=\"widget\" data-widget_type=\"text-editor.default\">\n\t\t\t\t\t\t\t\t\t<p>March occupies interesting pricing territory.\u00a0<strong>Early March maintains winter\u2019s low rates (30-40% below peak), late March begins shoulder season pricing<\/strong>\u00a0(20-30% below peak), with Easter week creating temporary premium if it falls in March. This remains excellent value compared to summer while offering substantially improved weather over January-February.<\/p>\n<p>Crowds depend dramatically on Easter timing. If Easter falls in April, March stays beautifully uncrowded with authentic Spanish atmosphere. If Semana Santa (Holy Week) arrives in late March, you\u2019ll encounter domestic tourism as Spanish families travel, particularly to Seville, Granada, and religious pilgrimage sites.\u00a0<strong>Semana Santa brings incredible cultural experiences\u2014elaborate processions, traditional music, local celebrations<\/strong>\u2014but also requires advance booking and acceptance of crowds.<\/p>\n<p>International tourism increases steadily through March as European weather improves and people seek spring breaks. The Canaries see growing visitor numbers but nothing approaching summer density. Mainland remains comfortable, with booking windows tightening to 4-6 weeks for popular retreats.<\/p>\n<p><strong>Retreat Programs That Work in March<\/strong><\/p>\n<p>March\u2019s improving conditions suit\u00a0<strong>active outdoor programs beautifully<\/strong>. Daily outdoor yoga becomes reliable in most regions (Canaries, Andalusia, Valencia), hiking and walking retreats thrive in perfect temperatures, and coastal activities resume without summer heat exhaustion risks.<\/p>\n<p>Renewal and spring cleanse programs align naturally with the season. March\u2019s energy supports fresh starts\u2014detox programs, new practice initiations, lifestyle resets. The approaching spring creates psychological alignment with wellness intentions.<\/p>\n<p>Cultural immersion formats excel\u2014combining yoga with Spanish cooking classes (spring vegetables, Mediterranean diet), wine education (barrel tasting before bottling), language learning, art and architecture tours in comfortable weather.\u00a0<strong>If Semana Santa occurs, some retreats incorporate procession viewing<\/strong>\u00a0and cultural education about Spain\u2019s most important religious tradition.<\/p>\n<p>Hiking-intensive retreats become particularly appealing. Andalusian countryside, Canary Islands volcanic terrain, Costa Brava coastal paths, and even Camino de Santiago sections work beautifully in March\u2019s moderate temperatures. Walking meditation and mindful hiking integrate naturally.<\/p>\t\t\t\t\t\t\t\t<\/div>\n\t\t\t\t<\/div>\n\t\t<div class=\"elementor-element elementor-element-41e49be8 e-con-full e-flex e-con e-child\" data-id=\"41e49be8\" data-element_type=\"container\" data-e-type=\"container\">\n\t\t\t\t<div class=\"elementor-element elementor-element-4508faea elementor-widget elementor-widget-image\" data-id=\"4508faea\" data-element_type=\"widget\" data-e-type=\"widget\" data-widget_type=\"image.default\">\n\t\t\t\t\t\t\t\t\t\t\t\t\t\t\t<img loading=\"lazy\" decoding=\"async\" width=\"1920\" height=\"2560\" src=\"https:\/\/om-away.com\/wp-content\/uploads\/2026\/01\/belinda-fewings-EHPq7LxwFog-unsplash-scaled.jpg\" class=\"attachment-full size-full wp-image-22249\" alt=\"La Oliva town sign in Fuerteventura with clear blue sky background\" srcset=\"https:\/\/om-away.com\/wp-content\/uploads\/2026\/01\/belinda-fewings-EHPq7LxwFog-unsplash-scaled.jpg 1920w, https:\/\/om-away.com\/wp-content\/uploads\/2026\/01\/belinda-fewings-EHPq7LxwFog-unsplash-225x300.jpg 225w, https:\/\/om-away.com\/wp-content\/uploads\/2026\/01\/belinda-fewings-EHPq7LxwFog-unsplash-768x1024.jpg 768w, https:\/\/om-away.com\/wp-content\/uploads\/2026\/01\/belinda-fewings-EHPq7LxwFog-unsplash-1152x1536.jpg 1152w, https:\/\/om-away.com\/wp-content\/uploads\/2026\/01\/belinda-fewings-EHPq7LxwFog-unsplash-1536x2048.jpg 1536w, https:\/\/om-away.com\/wp-content\/uploads\/2026\/01\/belinda-fewings-EHPq7LxwFog-unsplash-9x12.jpg 9w\" sizes=\"(max-width: 1920px) 100vw, 1920px\" \/>\t\t\t\t\t\t\t\t\t\t\t\t\t\t\t<\/div>\n\t\t\t\t<\/div>\n\t\t\t\t<\/div>\n\t\t\t\t\t<\/div>\n\t\t\t\t<\/div>\n\t\t<div class=\"elementor-element elementor-element-66bf236b e-flex e-con-boxed e-con e-parent\" data-id=\"66bf236b\" data-element_type=\"container\" data-e-type=\"container\">\n\t\t\t\t\t<div class=\"e-con-inner\">\n\t\t<div class=\"elementor-element elementor-element-3a28c5dd e-con-full e-flex e-con e-child\" data-id=\"3a28c5dd\" data-element_type=\"container\" data-e-type=\"container\">\n\t\t\t\t<div class=\"elementor-element elementor-element-7c8c6aa7 elementor-widget elementor-widget-image\" data-id=\"7c8c6aa7\" data-element_type=\"widget\" data-e-type=\"widget\" data-widget_type=\"image.default\">\n\t\t\t\t\t\t\t\t\t\t\t\t\t\t\t<img loading=\"lazy\" decoding=\"async\" width=\"1707\" height=\"2560\" src=\"https:\/\/om-away.com\/wp-content\/uploads\/2026\/01\/eugen-sacali-kFjJIhYHmV4-unsplash-scaled.jpg\" class=\"attachment-full size-full wp-image-22247\" alt=\"Building perched on a rocky cliff above the ocean along a rugged coastline\" srcset=\"https:\/\/om-away.com\/wp-content\/uploads\/2026\/01\/eugen-sacali-kFjJIhYHmV4-unsplash-scaled.jpg 1707w, https:\/\/om-away.com\/wp-content\/uploads\/2026\/01\/eugen-sacali-kFjJIhYHmV4-unsplash-200x300.jpg 200w, https:\/\/om-away.com\/wp-content\/uploads\/2026\/01\/eugen-sacali-kFjJIhYHmV4-unsplash-683x1024.jpg 683w, https:\/\/om-away.com\/wp-content\/uploads\/2026\/01\/eugen-sacali-kFjJIhYHmV4-unsplash-768x1152.jpg 768w, https:\/\/om-away.com\/wp-content\/uploads\/2026\/01\/eugen-sacali-kFjJIhYHmV4-unsplash-1024x1536.jpg 1024w, https:\/\/om-away.com\/wp-content\/uploads\/2026\/01\/eugen-sacali-kFjJIhYHmV4-unsplash-1365x2048.jpg 1365w, https:\/\/om-away.com\/wp-content\/uploads\/2026\/01\/eugen-sacali-kFjJIhYHmV4-unsplash-8x12.jpg 8w\" sizes=\"(max-width: 1707px) 100vw, 1707px\" \/>\t\t\t\t\t\t\t\t\t\t\t\t\t\t\t<\/div>\n\t\t\t\t<\/div>\n\t\t<div class=\"elementor-element elementor-element-573cea4 e-con-full e-flex e-con e-child\" data-id=\"573cea4\" data-element_type=\"container\" data-e-type=\"container\">\n\t\t\t\t<div class=\"elementor-element elementor-element-44207c71 elementor-widget elementor-widget-heading\" data-id=\"44207c71\" data-element_type=\"widget\" data-e-type=\"widget\" data-widget_type=\"heading.default\">\n\t\t\t\t\t<h2 class=\"elementor-heading-title elementor-size-default\">Packing for March Spain\n<\/h2>\t\t\t\t<\/div>\n\t\t\t\t<div class=\"elementor-element elementor-element-4eb1e7a8 elementor-widget elementor-widget-text-editor\" data-id=\"4eb1e7a8\" data-element_type=\"widget\" data-e-type=\"widget\" data-widget_type=\"text-editor.default\">\n\t\t\t\t\t\t\t\t\t<p>For Canary Islands:\u00a0<strong>Spring\/early summer wardrobe<\/strong>\u2014regular yoga wear, t-shirts and shorts, light long pants, single warm layer for evening, light rain jacket, sun protection (SPF 30+), hat, sunglasses, walking shoes, sandals, swimwear. Temperatures suit standard active wear.<\/p>\n<p>For mainland Spain: Layering system essential\u2014light jacket or fleece, yoga layers for variable conditions, mix of short and long pants, closed-toe shoes plus sandals, scarf for cooler mornings, possibly light gloves for early sessions. Pack for 12-22\u00b0C with variable spring weather. Swimwear for heated pools.<\/p>\n<p>Universal items: Travel yoga mat if preferred, journal, European adaptors, reusable water bottle, sunscreen (increasing UV strength), after-sun care, basic first aid, modest clothing for cultural sites (churches require coverage), umbrella or rain jacket for spring showers.<\/p>\n<p><strong>Spanish Cultural Elements in March<\/strong><\/p>\n<p>March\u2019s cultural calendar varies with Easter\u2019s timing.\u00a0<strong>When Semana Santa falls in March, it dominates the entire week leading to Easter Sunday<\/strong>. Seville hosts Spain\u2019s most elaborate processions with enormous pasos (religious floats) carried through streets, hooded penitents, haunting saetas (flamenco prayers), and massive crowds. Granada, M\u00e1laga, and numerous smaller towns hold their own deeply traditional ceremonies.<\/p>\n<p>Valencia\u2019s Las Fallas (March 15-19) brings entirely different energy\u2014satirical rather than religious, explosive rather than solemn. Enormous papier-m\u00e2ch\u00e9 sculptures fill the city streets, daily masclet\u00e0s (coordinated firework displays) shake the ground, and the final Crem\u00e0 (burning) creates spectacular chaos.\u00a0<strong>This is Spain at its most exuberant and uninhibited.<\/strong><\/p>\n<p>Beyond festivals, March brings increasing outdoor social life. Terrace dining resumes, evening paseos (social strolls) reappear, and Spanish life moves outdoors. Markets overflow with spring vegetables and early strawberries. The Mediterranean diet emphasizes seasonal ingredients\u2014artichokes, asparagus, peas, spring lamb.<\/p>\t\t\t\t\t\t\t\t<\/div>\n\t\t\t\t<\/div>\n\t\t\t\t\t<\/div>\n\t\t\t\t<\/div>\n\t\t<div class=\"elementor-element elementor-element-5be1af9c e-flex e-con-boxed e-con e-parent\" data-id=\"5be1af9c\" data-element_type=\"container\" data-e-type=\"container\">\n\t\t\t\t\t<div class=\"e-con-inner\">\n\t\t\t\t<div class=\"elementor-element elementor-element-4b081bb3 elementor-widget elementor-widget-heading\" data-id=\"4b081bb3\" data-element_type=\"widget\" data-e-type=\"widget\" data-widget_type=\"heading.default\">\n\t\t\t\t\t<h2 class=\"elementor-heading-title elementor-size-default\">FAQs: Yoga Retreats in Spain in March 2027<\/h2>\t\t\t\t<\/div>\n\t\t\t\t<div class=\"elementor-element elementor-element-6c0a4f28 elementor-widget elementor-widget-text-editor\" data-id=\"6c0a4f28\" data-element_type=\"widget\" data-e-type=\"widget\" data-widget_type=\"text-editor.default\">\n\t\t\t\t\t\t\t\t\t<p><strong>1. Is March a good month for a yoga retreat in Spain?<\/strong><\/p><ul><li>Yes. March is one of the strongest spring months for yoga retreats in Spain because conditions are mild, outdoor practice becomes much easier, and the country feels lively again without peak-season pressure.<\/li><\/ul><p><strong>2. What is the weather like in Spain in March for a retreat?<\/strong><\/p><ul><li>March usually brings spring-like conditions, with Andalusia around 15 to 22\u00b0C and the Canary Islands around 19 to 24\u00b0C, which makes both regions appealing for yoga travel.<\/li><\/ul><p><strong>3. Which parts of Spain work best for yoga retreats in March?<\/strong><\/p><ul><li>Andalusia is a strong choice for blossom season, mild warmth, and cultural depth, while the Canary Islands are best for travelers who want more reliable outdoor warmth and island energy.<\/li><\/ul><p><strong>4. Is March cheaper than peak season for yoga retreats in Spain?<\/strong><\/p><ul><li>Usually yes. The article notes that March often brings savings of around 20 to 40 percent compared with busier peak-season periods.<\/li><\/ul><p><strong>5. Does March offer any special cultural appeal in Spain?<\/strong><\/p><ul><li>Yes. March can add extra cultural energy through seasonal spring atmosphere and events like Las Fallas, which make the month feel more vibrant than a simple weather-based shoulder season.<\/li><\/ul><p><strong>6. What type of retreat works best in Spain during March?<\/strong><\/p><ul><li>March is especially well-suited to renewal-focused retreats that mix yoga with walking, countryside calm, sea air, and light cultural exploration as the country moves into spring. <\/li><\/ul>\t\t\t\t\t\t\t\t<\/div>\n\t\t\t\t\t<\/div>\n\t\t\t\t<\/div>\n\t\t<div class=\"elementor-element elementor-element-6050a28 e-flex e-con-boxed e-con e-parent\" data-id=\"6050a28\" data-element_type=\"container\" data-e-type=\"container\">\n\t\t\t\t\t<div class=\"e-con-inner\">\n\t\t\t\t<div class=\"elementor-element elementor-element-b5ca21c elementor-widget elementor-widget-heading\" data-id=\"b5ca21c\" data-element_type=\"widget\" data-e-type=\"widget\" data-widget_type=\"heading.default\">\n\t\t\t\t\t<h2 class=\"elementor-heading-title elementor-size-default\">Share Your Thoughts<\/h2>\t\t\t\t<\/div>\n\t\t\t\t<div class=\"elementor-element elementor-element-a73357a elementor-widget elementor-widget-text-editor\" data-id=\"a73357a\" data-element_type=\"widget\" data-e-type=\"widget\" data-widget_type=\"text-editor.default\">\n\t\t\t\t\t\t\t\t\t<p>Your email address will not be published. Required fields are marked *<\/p>\t\t\t\t\t\t\t\t<\/div>\n\t\t\t\t<div class=\"elementor-element elementor-element-b52dda9 elementor-widget elementor-widget-template\" data-id=\"b52dda9\" data-element_type=\"widget\" data-e-type=\"widget\" data-widget_type=\"template.default\">\n\t\t\t\t<div class=\"elementor-widget-container\">\n\t\t\t\t\t\t\t<div class=\"elementor-template\">\n\t\t\t\t\t<div data-elementor-type=\"section\" data-elementor-id=\"12237\" class=\"elementor elementor-12237\" data-elementor-post-type=\"elementor_library\">\n\t\t\t<div class=\"elementor-element elementor-element-bd55068 e-con-full e-flex e-con e-parent\" data-id=\"bd55068\" data-element_type=\"container\" data-e-type=\"container\">\n\t\t\t\t<\/div>\n\t\t\t\t<\/div>\n\t\t\t\t<\/div>\n\t\t\t\t\t\t<\/div>\n\t\t\t\t<\/div>\n\t\t\t\t\t<\/div>\n\t\t\t\t<\/div>\n\t\t\t\t<\/div>\n\t\t","protected":false},"excerpt":{"rendered":"<p>July represents the zenith of the summer social calendar, a month of radiant energy.<\/p>","protected":false},"author":1,"featured_media":15763,"comment_status":"open","ping_status":"open","sticky":false,"template":"","format":"standard","meta":{"_acf_changed":false,"footnotes":""},"categories":[18],"tags":[],"class_list":["post-12002","post","type-post","status-publish","format-standard","has-post-thumbnail","hentry","category-spain"],"acf":[],"_links":{"self":[{"href":"https:\/\/om-away.com\/de\/wp-json\/wp\/v2\/posts\/12002","targetHints":{"allow":["GET"]}}],"collection":[{"href":"https:\/\/om-away.com\/de\/wp-json\/wp\/v2\/posts"}],"about":[{"href":"https:\/\/om-away.com\/de\/wp-json\/wp\/v2\/types\/post"}],"author":[{"embeddable":true,"href":"https:\/\/om-away.com\/de\/wp-json\/wp\/v2\/users\/1"}],"replies":[{"embeddable":true,"href":"https:\/\/om-away.com\/de\/wp-json\/wp\/v2\/comments?post=12002"}],"version-history":[{"count":12,"href":"https:\/\/om-away.com\/de\/wp-json\/wp\/v2\/posts\/12002\/revisions"}],"predecessor-version":[{"id":22252,"href":"https:\/\/om-away.com\/de\/wp-json\/wp\/v2\/posts\/12002\/revisions\/22252"}],"wp:featuredmedia":[{"embeddable":true,"href":"https:\/\/om-away.com\/de\/wp-json\/wp\/v2\/media\/15763"}],"wp:attachment":[{"href":"https:\/\/om-away.com\/de\/wp-json\/wp\/v2\/media?parent=12002"}],"wp:term":[{"taxonomy":"category","embeddable":true,"href":"https:\/\/om-away.com\/de\/wp-json\/wp\/v2\/categories?post=12002"},{"taxonomy":"post_tag","embeddable":true,"href":"https:\/\/om-away.com\/de\/wp-json\/wp\/v2\/tags?post=12002"}],"curies":[{"name":"wp","href":"https:\/\/api.w.org\/{rel}","templated":true}]}}